{"id":99,"date":"2012-07-27T13:50:51","date_gmt":"2012-07-27T13:50:51","guid":{"rendered":"https:\/\/wtztrzebinia.pl\/?p=99"},"modified":"2012-07-27T13:50:51","modified_gmt":"2012-07-27T13:50:51","slug":"dzien-patrona-w-trzebini-19-07-2012","status":"publish","type":"post","link":"https:\/\/wtztrzebinia.pl\/?p=99","title":{"rendered":"Dzie\u0144 Patrona w Trzebini \u2013 19.07.2012"},"content":{"rendered":"<p>W pogodny i mi\u0142y cho\u0107 wietrzny poranek w dniu 19.07.2012 r. odby\u0142y si\u0119 uroczyste obchody Dnia Patrona w Trzebini. Jak co roku uroczysto\u015b\u0107 t\u0119 zorganizowa\u0142y trzebi\u0144skie jednostki Fundacji; Warsztaty Terapii Zaj\u0119ciowej i \u015awietlica Terapeutyczna.<\/p>\n<p><!--more--><\/p>\n<p>Tradycyjnie wsp\u00f3lne \u015bwi\u0119towanie rozpocz\u0119\u0142a uroczysta msza \u015awi\u0119ta w ko\u015bciele p.w. \u015aw. Aposto\u0142\u00f3w Piotra i Paw\u0142a w Trzebini, kt\u00f3r\u0105 koncelebrowali ksi\u0105dz Prezes Tadeusz Isakowicz \u2013 Zaleski oraz Ksi\u0105dz dziekan Stanis\u0142aw Krzysik.&nbsp; Opraw\u0119 muzyczn\u0105 przygotowa\u0142y jak co roku wolontariuszki &#8211; uczennice Gimnazjum nr 2 w Trzebini Sierszy. <br \/>Po uroczystej i radosnej eucharystii spotkanie przenios\u0142o si\u0119 w plener przy budynku WTZ i \u015aT.&nbsp; Jak zwykle nast\u0105pi\u0142a cz\u0119\u015b\u0107 oficjalna uroczysto\u015bci, czyli przywitanie wszystkich zaproszonych go\u015bci, na kt\u00f3rych zawsze mo\u017cemy liczy\u0107 oraz wr\u0119czenie Medalu Wdzi\u0119czno\u015bci \u201eDobroczy\u0144com za serce i mi\u0142o\u015b\u0107\u201d. W tym roku medal przyznano Powszechnej Sp\u00f3\u0142dzielni Spo\u017cywc\u00f3w \u201eSpo\u0142em\u201d w Chrzanowie, w imieniu Prezesa Wies\u0142awa Chechelskiego wyr\u00f3\u017cnienie odebra\u0142a Pani Dorota Zawarus Medal wr\u0119czy\u0142 naszym darczy\u0144com Prezes Zarz\u0105du Krajowego Fundacji Ks. Tadeusz Isakowicz \u2013 Zaleski. Wyr\u00f3\u017cnieni otrzymali tak\u017ce od uczestnik\u00f3w WTZ i \u015aT pi\u0119kn\u0105 prac\u0119 oraz kwiaty. Zaraz po wr\u0119czeniu Medali rozpocz\u0119\u0142a si\u0119 cz\u0119\u015b\u0107 artystyczna spotkania, kt\u00f3r\u0105 by\u0142y wyst\u0119py podopiecznych \u015awietlicy Terapeutycznej, kt\u00f3rzy przygotowali inscenizacj\u0119 o \u015aw. Bracie Albercie. <br \/>Tegoroczne obchody Dnia Patrona wpisane zosta\u0142y w jubileusz XXV-lecia istnienia Fundacji im. Brata Alberta, a nasze trzebi\u0144skie spotkanie by\u0142o uroczystym zako\u0144czeniem tych obchod\u00f3w w 2012r. <br \/>Z tej okazji Dzie\u0144 Patrona zosta\u0142 wzbogacony przez liczne atrakcje zr\u0119czno\u015bciowe, gry i zabawy&nbsp; ruchowe. Ka\u017cdy uczestnik spotkania m\u00f3g\u0142 znale\u017a\u0107 cos atrakcyjnego dla siebie, do dyspozycji bowiem by\u0142a \u015bcianka wspinaczkowa, strzelnica \u0142ucznicza, slacking czyli chodzenie po linie, zabawy z chust\u0105 animacyjn\u0105, gra w boules, oraz co\u015b pysznego dla ka\u017cdego w postaci waty cukrowej bez ogranicze\u0144 a dla podopiecznych niespodzianki w postaci balon\u00f3w.&nbsp; Wszystkie te atrakcje dofinansowane zosta\u0142y ze \u015brodk\u00f3w PFRON. <br \/>Nast\u0119pnie rozpocz\u0119\u0142o si\u0119 wsp\u00f3lne piknikowanie w lu\u017anej, przyjacielskiej atmosferze, rozmowach i oczywi\u015bcie biesiadzie przy bogactwie grillowanych pyszno\u015bci, kt\u00f3r\u0105 w tym roku sponsorowa\u0142o nam Powiatowe Centrum Pomocy Rodzinie w Chrzanowie w ramach projektu POKL dofinansowywanego ze \u015brodk\u00f3w Unii Europejskiej \u201eZ pomoc\u0105 rodzinie\u201d \u2013 \u201eCz\u0142owiek \u2013 najlepsza inwestycja\u201d.<br \/>W tak mi\u0142ych okoliczno\u015bciach spotkanie niepostrze\u017cenie dobieg\u0142o ko\u0144ca. No c\u00f3\u017c, wszystko dobre szybko si\u0119 ko\u0144czy, ale przecie\u017c za rok znowu si\u0119 spotkamy!<\/p>\n","protected":false},"excerpt":{"rendered":"<p>W pogodny i mi\u0142y cho\u0107 wietrzny poranek w dniu 19.07.2012 r. odby\u0142y si\u0119 uroczyste obchody Dnia Patrona w Trzebini. Jak co roku uroczysto\u015b\u0107 t\u0119 zorganizowa\u0142y trzebi\u0144skie jednostki Fundacji; Warsztaty Terapii Zaj\u0119ciowej i \u015awietlica Terapeutyczna.<\/p>\n","protected":false},"author":1,"featured_media":0,"comment_status":"open","ping_status":"open","sticky":false,"template":"","format":"standard","meta":{"footnotes":""},"categories":[7],"tags":[],"class_list":["post-99","post","type-post","status-publish","format-standard","hentry","category-aktualnosci"],"_links":{"self":[{"href":"https:\/\/wtztrzebinia.pl\/index.php?rest_route=\/wp\/v2\/posts\/99","targetHints":{"allow":["GET"]}}],"collection":[{"href":"https:\/\/wtztrzebinia.pl\/index.php?rest_route=\/wp\/v2\/posts"}],"about":[{"href":"https:\/\/wtztrzebinia.pl\/index.php?rest_route=\/wp\/v2\/types\/post"}],"author":[{"embeddable":true,"href":"https:\/\/wtztrzebinia.pl\/index.php?rest_route=\/wp\/v2\/users\/1"}],"replies":[{"embeddable":true,"href":"https:\/\/wtztrzebinia.pl\/index.php?rest_route=%2Fwp%2Fv2%2Fcomments&post=99"}],"version-history":[{"count":0,"href":"https:\/\/wtztrzebinia.pl\/index.php?rest_route=\/wp\/v2\/posts\/99\/revisions"}],"wp:attachment":[{"href":"https:\/\/wtztrzebinia.pl\/index.php?rest_route=%2Fwp%2Fv2%2Fmedia&parent=99"}],"wp:term":[{"taxonomy":"category","embeddable":true,"href":"https:\/\/wtztrzebinia.pl\/index.php?rest_route=%2Fwp%2Fv2%2Fcategories&post=99"},{"taxonomy":"post_tag","embeddable":true,"href":"https:\/\/wtztrzebinia.pl\/index.php?rest_route=%2Fwp%2Fv2%2Ftags&post=99"}],"curies":[{"name":"wp","href":"https:\/\/api.w.org\/{rel}","templated":true}]}}