{"id":97,"date":"2012-07-13T08:14:43","date_gmt":"2012-07-13T08:14:43","guid":{"rendered":"https:\/\/wtztrzebinia.pl\/?p=97"},"modified":"2012-07-13T08:14:43","modified_gmt":"2012-07-13T08:14:43","slug":"trzebinski-jarmark-organizacji-pozarzadowych-30-06-2012","status":"publish","type":"post","link":"https:\/\/wtztrzebinia.pl\/?p=97","title":{"rendered":"Trzebi\u0144ski Jarmark Organizacji Pozarz\u0105dowych \u2013 30.06.2012"},"content":{"rendered":"<p>W ramach obchod\u00f3w Dni Trzebini oraz projektu \u201eMa\u0142opolski ogr\u00f3d sztuki\u201d wzi\u0119li\u015bmy udzia\u0142 w Jarmarku Organizacji Pozarz\u0105dowych, kt\u00f3ry odby\u0142 si\u0119 30.06.2012r. przy ul. Ochronkowej w Trzebini. Wsp\u00f3lnie z innymi organizacjami z gminy Trzebinia prezentowali\u015bmy swoje osi\u0105gni\u0119cia, prace uczestnik\u00f3w, kroniki i albumy dokumentuj\u0105ce dzia\u0142alno\u015b\u0107 Fundacji im. Brata Alberta i naszych trzebi\u0144skich plac\u00f3wek. Jak zwykle mo\u017cna by\u0142o kupi\u0107 prace wykonane przez uczestnik\u00f3w WTZ i \u015awietlicy na okoliczno\u015bciowym kiermaszu. Dodatkow\u0105 atrakcj\u0105 by\u0142y warsztaty ceramiczne, kt\u00f3re zorganizowali\u015bmy we wsp\u00f3\u0142pracy z TCK i stowarzyszeniem \u201eAnima\u201d z Trzebini. Pocz\u0105tkowo do prac z glin\u0105 zabiera\u0142y si\u0119 tylko dzieci, ale wkr\u00f3tce okaza\u0142o si\u0119, \u017ce dla rodzic\u00f3w to te\u017c niez\u0142a zabawa\u2026<\/p>\n","protected":false},"excerpt":{"rendered":"<p>W ramach obchod\u00f3w Dni Trzebini oraz projektu \u201eMa\u0142opolski ogr\u00f3d sztuki\u201d wzi\u0119li\u015bmy udzia\u0142 w Jarmarku Organizacji Pozarz\u0105dowych, kt\u00f3ry odby\u0142 si\u0119 30.06.2012r. przy ul. Ochronkowej w Trzebini. Wsp\u00f3lnie z innymi organizacjami z gminy Trzebinia prezentowali\u015bmy swoje osi\u0105gni\u0119cia, prace uczestnik\u00f3w, kroniki i albumy dokumentuj\u0105ce dzia\u0142alno\u015b\u0107 Fundacji im. Brata Alberta i naszych trzebi\u0144skich plac\u00f3wek. Jak zwykle mo\u017cna by\u0142o kupi\u0107 prace wykonane przez uczestnik\u00f3w WTZ i \u015awietlicy na okoliczno\u015bciowym kiermaszu. Dodatkow\u0105 atrakcj\u0105 by\u0142y warsztaty ceramiczne, kt\u00f3re zorganizowali\u015bmy we wsp\u00f3\u0142pracy z TCK i stowarzyszeniem \u201eAnima\u201d z Trzebini. Pocz\u0105tkowo do prac z glin\u0105 zabiera\u0142y si\u0119 tylko dzieci, ale wkr\u00f3tce okaza\u0142o si\u0119, \u017ce dla rodzic\u00f3w to te\u017c niez\u0142a zabawa\u2026<\/p>\n","protected":false},"author":1,"featured_media":0,"comment_status":"open","ping_status":"open","sticky":false,"template":"","format":"standard","meta":{"footnotes":""},"categories":[7],"tags":[],"class_list":["post-97","post","type-post","status-publish","format-standard","hentry","category-aktualnosci"],"_links":{"self":[{"href":"https:\/\/wtztrzebinia.pl\/index.php?rest_route=\/wp\/v2\/posts\/97","targetHints":{"allow":["GET"]}}],"collection":[{"href":"https:\/\/wtztrzebinia.pl\/index.php?rest_route=\/wp\/v2\/posts"}],"about":[{"href":"https:\/\/wtztrzebinia.pl\/index.php?rest_route=\/wp\/v2\/types\/post"}],"author":[{"embeddable":true,"href":"https:\/\/wtztrzebinia.pl\/index.php?rest_route=\/wp\/v2\/users\/1"}],"replies":[{"embeddable":true,"href":"https:\/\/wtztrzebinia.pl\/index.php?rest_route=%2Fwp%2Fv2%2Fcomments&post=97"}],"version-history":[{"count":0,"href":"https:\/\/wtztrzebinia.pl\/index.php?rest_route=\/wp\/v2\/posts\/97\/revisions"}],"wp:attachment":[{"href":"https:\/\/wtztrzebinia.pl\/index.php?rest_route=%2Fwp%2Fv2%2Fmedia&parent=97"}],"wp:term":[{"taxonomy":"category","embeddable":true,"href":"https:\/\/wtztrzebinia.pl\/index.php?rest_route=%2Fwp%2Fv2%2Fcategories&post=97"},{"taxonomy":"post_tag","embeddable":true,"href":"https:\/\/wtztrzebinia.pl\/index.php?rest_route=%2Fwp%2Fv2%2Ftags&post=97"}],"curies":[{"name":"wp","href":"https:\/\/api.w.org\/{rel}","templated":true}]}}