{"id":92,"date":"2012-07-13T08:02:56","date_gmt":"2012-07-13T08:02:56","guid":{"rendered":"https:\/\/wtztrzebinia.pl\/?p=92"},"modified":"2012-07-13T08:02:56","modified_gmt":"2012-07-13T08:02:56","slug":"arlekiny-2012-15-05-2012","status":"publish","type":"post","link":"https:\/\/wtztrzebinia.pl\/?p=92","title":{"rendered":"Arlekiny 2012 \u2013 15.05.2012"},"content":{"rendered":"<p>Jak co roku wzi\u0119li\u015bmy udzia\u0142 w Przegl\u0105dzie Artystycznym Os\u00f3b Niepe\u0142nosprawnych \u201eArlekiny-<st1:metricconverter productid=\"2012\u201d\">2012\u201d<\/st1:metricconverter> w O\u015bwi\u0119cimiu. Przegl\u0105d odby\u0142 si\u0119 w 15.05.2012 w O\u015bwi\u0119cimskim Centrum Kultury, a zorganizowa\u0142y go Warsztaty Terapii Zaj\u0119ciowej Fundacji im. Brata Alberta w Che\u0142mku. Podczas przegl\u0105du nasz Warsztat zaprezentowa\u0142 najnowszy uk\u0142ad taneczny w wykonaniu zespo\u0142u \u201eSamba\u201d pt. \u201e Au Santopego\u201d \u2013 M.Telo, a m\u0142odzie\u017c ze \u015awietlicy za\u015bpiewa\u0142a \u201ePowiedz\u201d Micha\u0142a Wi\u015bniewskiego. Za udzia\u0142 w przegl\u0105dzie wszyscy dostali nagrody oraz przepi\u0119kne ceramiczne statuetki Arlekina.<\/p>\n","protected":false},"excerpt":{"rendered":"<p>Jak co roku wzi\u0119li\u015bmy udzia\u0142 w Przegl\u0105dzie Artystycznym Os\u00f3b Niepe\u0142nosprawnych \u201eArlekiny-2012\u201d w O\u015bwi\u0119cimiu. Przegl\u0105d odby\u0142 si\u0119 w 15.05.2012 w O\u015bwi\u0119cimskim Centrum Kultury, a zorganizowa\u0142y go Warsztaty Terapii Zaj\u0119ciowej Fundacji im. Brata Alberta w Che\u0142mku. Podczas przegl\u0105du nasz Warsztat zaprezentowa\u0142 najnowszy uk\u0142ad taneczny w wykonaniu zespo\u0142u \u201eSamba\u201d pt. \u201e Au Santopego\u201d \u2013 M.Telo, a m\u0142odzie\u017c ze \u015awietlicy za\u015bpiewa\u0142a \u201ePowiedz\u201d Micha\u0142a Wi\u015bniewskiego. Za udzia\u0142 w przegl\u0105dzie wszyscy dostali nagrody oraz przepi\u0119kne ceramiczne statuetki Arlekina.<\/p>\n","protected":false},"author":1,"featured_media":0,"comment_status":"open","ping_status":"open","sticky":false,"template":"","format":"standard","meta":{"footnotes":""},"categories":[2],"tags":[],"class_list":["post-92","post","type-post","status-publish","format-standard","hentry","category-uncategorised"],"_links":{"self":[{"href":"https:\/\/wtztrzebinia.pl\/index.php?rest_route=\/wp\/v2\/posts\/92","targetHints":{"allow":["GET"]}}],"collection":[{"href":"https:\/\/wtztrzebinia.pl\/index.php?rest_route=\/wp\/v2\/posts"}],"about":[{"href":"https:\/\/wtztrzebinia.pl\/index.php?rest_route=\/wp\/v2\/types\/post"}],"author":[{"embeddable":true,"href":"https:\/\/wtztrzebinia.pl\/index.php?rest_route=\/wp\/v2\/users\/1"}],"replies":[{"embeddable":true,"href":"https:\/\/wtztrzebinia.pl\/index.php?rest_route=%2Fwp%2Fv2%2Fcomments&post=92"}],"version-history":[{"count":0,"href":"https:\/\/wtztrzebinia.pl\/index.php?rest_route=\/wp\/v2\/posts\/92\/revisions"}],"wp:attachment":[{"href":"https:\/\/wtztrzebinia.pl\/index.php?rest_route=%2Fwp%2Fv2%2Fmedia&parent=92"}],"wp:term":[{"taxonomy":"category","embeddable":true,"href":"https:\/\/wtztrzebinia.pl\/index.php?rest_route=%2Fwp%2Fv2%2Fcategories&post=92"},{"taxonomy":"post_tag","embeddable":true,"href":"https:\/\/wtztrzebinia.pl\/index.php?rest_route=%2Fwp%2Fv2%2Ftags&post=92"}],"curies":[{"name":"wp","href":"https:\/\/api.w.org\/{rel}","templated":true}]}}