{"id":859,"date":"2023-05-17T12:50:00","date_gmt":"2023-05-17T12:50:00","guid":{"rendered":"https:\/\/wtztrzebinia.pl\/?p=859"},"modified":"2023-10-31T12:51:59","modified_gmt":"2023-10-31T12:51:59","slug":"integracyjny-piknik-muzyczny-w-trzebini-17-05-2023","status":"publish","type":"post","link":"https:\/\/wtztrzebinia.pl\/?p=859","title":{"rendered":"Integracyjny Piknik Muzyczny w Trzebini &#8211; 17.05.2023"},"content":{"rendered":"\n<p>W dniu 17.05.23 w strugach ulewnego deszczu przeplatanego z m\u017cawk\u0105 i lekkim kapu\u015bniaczkiem odby\u0142 si\u0119 XVIII Integracyjny Piknik Muzyczny Os\u00f3b Niepe\u0142nosprawnych w Trzebini. Gospodarzami spotkania by\u0142y nasze trzebi\u0144skie plac\u00f3wki Fundacji im. Brata Alberta; Warsztat Terapii Zaj\u0119ciowej i \u015awietlica Terapeutyczna.<\/p>\n\n\n\n<!--more-->\n\n\n\n<p>Do zmaga\u0144 scenicznych zg\u0142osi\u0142o si\u0119 w tym roku 21 zespo\u0142\u00f3w i solist\u00f3w.<\/p>\n\n\n\n<p>Uroczystego otwarcia Pikniku dokona\u0142 Wice Starosta Powiatu Chrzanowskiego Pan Bart\u0142omiej G\u0119bala w obecno\u015bci Przewodnicz\u0105cego Rady Powiatu Pana W\u0142odzimierza Korczy\u0144skiego oraz Dyrektor Powiatowego Centrum Pomocy Rodzinie Pani Jolanty Szynowskiej. \u017beby tradycji sta\u0142o si\u0119 za do\u015b\u0107 po uroczystym rozpocz\u0119ciu, przed zmaganiami konkursowymi wyst\u0105pili gospodarze, czyli zesp\u00f3\u0142 \u201eThe Best\u201d. W dalszej kolejno\u015bci zaprezentowali si\u0119 arty\u015bci; Maja i Przyjaciele z \u015aT w Trzebini, Jakub Figura z \u015aDS w Chrzanowie, Bart\u0142omiej M\u0105drzyk i Gra\u017cyna Grabowska z WTZ w Che\u0142mku, Piotr Nowotarski z WTZ w Libi\u0105\u017cu, Iskierki z SOSW w Chrzanowie, Latino Dance z SOSW w Chrzanowie, Przebudzeni z WTZ w Olkuszu, Lejdis i Tomek z WTZ w Przeciszowie, Sarabanda z DPS w P\u0142azie, Forest Boys z WTZ w Jawiszowicach, Magdalena Wr\u00f3bel z \u015aT w Chrzanowie, Otwarte serca z WTZ w \u0141apanowie, Pere\u0142ki z WTZ w Chrzanowie, Mocarni z WTZ w Sosnowcu, Marian Mleczko i Agnieszka Rybicka z \u015aT w Krakowie, Katarzyna Szczodrak i Piotr Wiatr z \u015aDS w Radwanowicach, Czes\u0142aw \u015aliwa i tancerze z \u015aDS w Babicach, oraz Nicola Zachwieja i Angels Squad z SOSW w Chrzanowie. W tym roku w piknikowym jury zasiadali; Ma\u0142gorzata Liszka \u2013 muzykoterapeuta z Powiatowego M\u0142odzie\u017cowego Domu Kultury w Trzebini, Jerzy Ziegler \u2013 muzyk i aran\u017cer z MOKSiR w Chrzanowie. Po przerwie nast\u0105pi\u0142o uroczyste wr\u0119czenie wyr\u00f3\u017cnie\u0144 i nagr\u00f3d za udzia\u0142 w Pikniku. Tradycyjnie ju\u017c do nagr\u00f3d do\u0142\u0105czone by\u0142y okoliczno\u015bciowe statuetki wykonane w pracowniach warsztatowych w WTZ w Trzebini.<\/p>\n\n\n\n<p>W tym roku nasz Pikniku dofinansowany zosta\u0142 ze \u015brodk\u00f3w; Pa\u0144stwowego Funduszu Rehabilitacji Os\u00f3b Niepe\u0142nosprawnych, Powiatu Chrzanowskiego oraz Komendy Hufca ZHP w Trzebini. Po raz kolejny w organizacji tego ogromnego przedsi\u0119wzi\u0119cia wsparli nas nasi niezawodni wolontariusze z Zespo\u0142u Szk\u00f3\u0142 Techniczno-Us\u0142ugowych w Trzebini oraz sponsorzy i darczy\u0144cy; \u201eFirma \u201eStanpol\u201d Jan Skawski z M\u0142oszowej; Piekarnia i Cukiernia Pawlak z My\u015blachowic; Hurtownia drobiu \u201eKOKO\u201d z Dulowej; Hurtowa Sprzeda\u017c Mi\u0119sa i W\u0119dlin Elimex S.J. z Trzebini; Jacek Bronowicki \u201eSklep Mi\u0119sny\u201d z Trzebini; Krystyna i Stanis\u0142aw Pasternak Sklep Mi\u0119sny z Trzebini; Centrum Medyczne Habamed w Trzebini; Zak\u0142adowa Jednostka Stra\u017cy Po\u017carnej Rafinerii Trzebinia.<\/p>\n\n\n\n<p>Dzi\u0119kujemy wszystkim uczestnikom za mi\u0142e spotkanie, prze\u017cycia artystyczne i zapraszamy za rok! Obiecujemy, \u017ce b\u0119dzie la\u0142o!<\/p>\n","protected":false},"excerpt":{"rendered":"<p>W dniu 17.05.23 w strugach ulewnego deszczu przeplatanego z m\u017cawk\u0105 i lekkim kapu\u015bniaczkiem odby\u0142 si\u0119 XVIII Integracyjny Piknik Muzyczny Os\u00f3b Niepe\u0142nosprawnych w Trzebini. Gospodarzami spotkania by\u0142y nasze trzebi\u0144skie plac\u00f3wki Fundacji im. Brata Alberta; Warsztat Terapii Zaj\u0119ciowej i \u015awietlica Terapeutyczna.<\/p>\n","protected":false},"author":1,"featured_media":0,"comment_status":"closed","ping_status":"closed","sticky":false,"template":"","format":"standard","meta":{"footnotes":""},"categories":[7],"tags":[],"class_list":["post-859","post","type-post","status-publish","format-standard","hentry","category-aktualnosci"],"_links":{"self":[{"href":"https:\/\/wtztrzebinia.pl\/index.php?rest_route=\/wp\/v2\/posts\/859","targetHints":{"allow":["GET"]}}],"collection":[{"href":"https:\/\/wtztrzebinia.pl\/index.php?rest_route=\/wp\/v2\/posts"}],"about":[{"href":"https:\/\/wtztrzebinia.pl\/index.php?rest_route=\/wp\/v2\/types\/post"}],"author":[{"embeddable":true,"href":"https:\/\/wtztrzebinia.pl\/index.php?rest_route=\/wp\/v2\/users\/1"}],"replies":[{"embeddable":true,"href":"https:\/\/wtztrzebinia.pl\/index.php?rest_route=%2Fwp%2Fv2%2Fcomments&post=859"}],"version-history":[{"count":1,"href":"https:\/\/wtztrzebinia.pl\/index.php?rest_route=\/wp\/v2\/posts\/859\/revisions"}],"predecessor-version":[{"id":860,"href":"https:\/\/wtztrzebinia.pl\/index.php?rest_route=\/wp\/v2\/posts\/859\/revisions\/860"}],"wp:attachment":[{"href":"https:\/\/wtztrzebinia.pl\/index.php?rest_route=%2Fwp%2Fv2%2Fmedia&parent=859"}],"wp:term":[{"taxonomy":"category","embeddable":true,"href":"https:\/\/wtztrzebinia.pl\/index.php?rest_route=%2Fwp%2Fv2%2Fcategories&post=859"},{"taxonomy":"post_tag","embeddable":true,"href":"https:\/\/wtztrzebinia.pl\/index.php?rest_route=%2Fwp%2Fv2%2Ftags&post=859"}],"curies":[{"name":"wp","href":"https:\/\/api.w.org\/{rel}","templated":true}]}}