{"id":77,"date":"2012-05-29T10:35:17","date_gmt":"2012-05-29T10:35:17","guid":{"rendered":"https:\/\/wtztrzebinia.pl\/?p=77"},"modified":"2012-05-29T10:35:17","modified_gmt":"2012-05-29T10:35:17","slug":"festyn-z-okazji-dnia-matki-i-dziecka-27-05-2012","status":"publish","type":"post","link":"https:\/\/wtztrzebinia.pl\/?p=77","title":{"rendered":"Festyn z okazji Dnia Matki i Dziecka \u2013 27.05.2012"},"content":{"rendered":"<p>W ostatni\u0105 niedziel\u0119 maja wzi\u0119li\u015bmy udzia\u0142 w Festynie z okazji Dnia Matki i Dziecka, jaki odby\u0142 si\u0119 po raz XVII przy budynku WTZ, na terenie parafii \u015aw. Aposto\u0142\u00f3w Piotra i Paw\u0142a w Trzebini. <br \/>Zgodnie z tym co napisane by\u0142o na afiszach promuj\u0105cych imprez\u0119 nasi warsztatowi arty\u015bci mieli okazj\u0119 wyst\u0105pi\u0107 na scenie ze swoimi popisami tanecznymi i wokalnymi. Wyst\u0105pi\u0142 zesp\u00f3\u0142 \u201eSamba\u201d w sk\u0142adzie; Angelika Chojnicka, Anna Majcherczyk, Justyna Bogomaz i Anna Spyt z uk\u0142adem tanecznym \u201eDelicia\u201d, zesp\u00f3\u0142 \u201eThe Best\u201d z piosenkami \u201eMona Lisa\u201d oraz \u201eZakazany owoc\u201d i duet; Anna Krawczyk i Rafa\u0142 Korczy\u0144ski z utworem \u201eUpi\u00f3r w operze\u201d. Jak zwykle nasze wyst\u0119py nagrodzone zosta\u0142y aplauzem publiczno\u015bci. <br \/>Podczas festynu sprzedawali\u015bmy tak\u017ce prace uczestnik\u00f3w WTZ i \u015awietlicy Terapeutycznej na stoisku kiermaszowym. Na koniec za\u015b wyst\u0105pi\u0142 zesp\u00f3\u0142 Wawele z Janem Wojdakiem. Wszyscy bawili si\u0119 wy\u015bmienicie dop\u00f3ki ich deszcz nie rozgoni\u0142\u2026.<\/p>\n<p>\u00a0<\/p>\n","protected":false},"excerpt":{"rendered":"<p>W ostatni\u0105 niedziel\u0119 maja wzi\u0119li\u015bmy udzia\u0142 w Festynie z okazji Dnia Matki i Dziecka, jaki odby\u0142 si\u0119 po raz XVII przy budynku WTZ, na terenie parafii \u015aw. Aposto\u0142\u00f3w Piotra i Paw\u0142a w Trzebini. Zgodnie z tym co napisane by\u0142o na afiszach promuj\u0105cych imprez\u0119 nasi warsztatowi arty\u015bci mieli okazj\u0119 wyst\u0105pi\u0107 na scenie ze swoimi popisami tanecznymi i wokalnymi. Wyst\u0105pi\u0142 zesp\u00f3\u0142 \u201eSamba\u201d w sk\u0142adzie; Angelika Chojnicka, Anna Majcherczyk, Justyna Bogomaz i Anna Spyt z uk\u0142adem tanecznym \u201eDelicia\u201d, zesp\u00f3\u0142 \u201eThe Best\u201d z piosenkami \u201eMona Lisa\u201d oraz \u201eZakazany owoc\u201d i duet; Anna Krawczyk i Rafa\u0142 Korczy\u0144ski z utworem \u201eUpi\u00f3r w operze\u201d. Jak zwykle nasze wyst\u0119py nagrodzone zosta\u0142y aplauzem publiczno\u015bci. Podczas festynu sprzedawali\u015bmy tak\u017ce prace uczestnik\u00f3w WTZ i \u015awietlicy Terapeutycznej na stoisku kiermaszowym. Na koniec za\u015b wyst\u0105pi\u0142 zesp\u00f3\u0142 Wawele z Janem Wojdakiem. Wszyscy bawili si\u0119 wy\u015bmienicie dop\u00f3ki ich deszcz nie rozgoni\u0142\u2026. \u00a0<\/p>\n","protected":false},"author":1,"featured_media":0,"comment_status":"open","ping_status":"open","sticky":false,"template":"","format":"standard","meta":{"footnotes":""},"categories":[7],"tags":[],"class_list":["post-77","post","type-post","status-publish","format-standard","hentry","category-aktualnosci"],"_links":{"self":[{"href":"https:\/\/wtztrzebinia.pl\/index.php?rest_route=\/wp\/v2\/posts\/77","targetHints":{"allow":["GET"]}}],"collection":[{"href":"https:\/\/wtztrzebinia.pl\/index.php?rest_route=\/wp\/v2\/posts"}],"about":[{"href":"https:\/\/wtztrzebinia.pl\/index.php?rest_route=\/wp\/v2\/types\/post"}],"author":[{"embeddable":true,"href":"https:\/\/wtztrzebinia.pl\/index.php?rest_route=\/wp\/v2\/users\/1"}],"replies":[{"embeddable":true,"href":"https:\/\/wtztrzebinia.pl\/index.php?rest_route=%2Fwp%2Fv2%2Fcomments&post=77"}],"version-history":[{"count":0,"href":"https:\/\/wtztrzebinia.pl\/index.php?rest_route=\/wp\/v2\/posts\/77\/revisions"}],"wp:attachment":[{"href":"https:\/\/wtztrzebinia.pl\/index.php?rest_route=%2Fwp%2Fv2%2Fmedia&parent=77"}],"wp:term":[{"taxonomy":"category","embeddable":true,"href":"https:\/\/wtztrzebinia.pl\/index.php?rest_route=%2Fwp%2Fv2%2Fcategories&post=77"},{"taxonomy":"post_tag","embeddable":true,"href":"https:\/\/wtztrzebinia.pl\/index.php?rest_route=%2Fwp%2Fv2%2Ftags&post=77"}],"curies":[{"name":"wp","href":"https:\/\/api.w.org\/{rel}","templated":true}]}}