{"id":76,"date":"2012-05-29T10:30:32","date_gmt":"2012-05-29T10:30:32","guid":{"rendered":"https:\/\/wtztrzebinia.pl\/?p=76"},"modified":"2012-05-29T10:30:32","modified_gmt":"2012-05-29T10:30:32","slug":"lekkoatletyczna-wiosna-2012-25-05-2012r","status":"publish","type":"post","link":"https:\/\/wtztrzebinia.pl\/?p=76","title":{"rendered":"Lekkoatletyczna Wiosna 2012 &#8211; 25.05.2012r."},"content":{"rendered":"<p>W dniu 25.05.2012r. ca\u0142y nasz warsztat wzi\u0105\u0142 udzia\u0142 w kolejnej edycji zawod\u00f3w sportowych \u201eLekkoatletyczna Wiosna2012\u201d. Spotkanie zosta\u0142o przygotowane przez Szko\u0142\u0119 Podstawow\u0105 nr 8 w Trzebini. Jak zwykle konkurencje lekkoatletyczne by\u0142y przygotowane dla ka\u017cdej grupy wiekowej. Nasz Warsztat, czyli kategoria \u201eosoby doros\u0142e\u201d wzi\u0105\u0142 udzia\u0142 w; <br \/>&#8211; biegu na dystansie 60m<br \/>&#8211; skoku w dal z miejsca<br \/>&#8211; rucie w prz\u00f3d pi\u0142k\u0105 lekarsk\u0105 <br \/>Jak zwykle nie by\u0142o przegranych, ka\u017cdy z uczestnik\u00f3w dosta\u0142 medal, a dru\u017cyna warsztatowa puchar i wielka torb\u0119 nagr\u00f3d. <br \/>Spotkanie zako\u0144czy\u0142o si\u0119 uroczystym wr\u0119czeniem dyplom\u00f3w i nagr\u00f3d oraz wsp\u00f3lnym posi\u0142kiem.<\/p>\n","protected":false},"excerpt":{"rendered":"<p>W dniu 25.05.2012r. ca\u0142y nasz warsztat wzi\u0105\u0142 udzia\u0142 w kolejnej edycji zawod\u00f3w sportowych \u201eLekkoatletyczna Wiosna2012\u201d. Spotkanie zosta\u0142o przygotowane przez Szko\u0142\u0119 Podstawow\u0105 nr 8 w Trzebini. Jak zwykle konkurencje lekkoatletyczne by\u0142y przygotowane dla ka\u017cdej grupy wiekowej. Nasz Warsztat, czyli kategoria \u201eosoby doros\u0142e\u201d wzi\u0105\u0142 udzia\u0142 w; &#8211; biegu na dystansie 60m&#8211; skoku w dal z miejsca&#8211; rucie w prz\u00f3d pi\u0142k\u0105 lekarsk\u0105 Jak zwykle nie by\u0142o przegranych, ka\u017cdy z uczestnik\u00f3w dosta\u0142 medal, a dru\u017cyna warsztatowa puchar i wielka torb\u0119 nagr\u00f3d. Spotkanie zako\u0144czy\u0142o si\u0119 uroczystym wr\u0119czeniem dyplom\u00f3w i nagr\u00f3d oraz wsp\u00f3lnym posi\u0142kiem.<\/p>\n","protected":false},"author":1,"featured_media":0,"comment_status":"open","ping_status":"open","sticky":false,"template":"","format":"standard","meta":{"footnotes":""},"categories":[7],"tags":[],"class_list":["post-76","post","type-post","status-publish","format-standard","hentry","category-aktualnosci"],"_links":{"self":[{"href":"https:\/\/wtztrzebinia.pl\/index.php?rest_route=\/wp\/v2\/posts\/76","targetHints":{"allow":["GET"]}}],"collection":[{"href":"https:\/\/wtztrzebinia.pl\/index.php?rest_route=\/wp\/v2\/posts"}],"about":[{"href":"https:\/\/wtztrzebinia.pl\/index.php?rest_route=\/wp\/v2\/types\/post"}],"author":[{"embeddable":true,"href":"https:\/\/wtztrzebinia.pl\/index.php?rest_route=\/wp\/v2\/users\/1"}],"replies":[{"embeddable":true,"href":"https:\/\/wtztrzebinia.pl\/index.php?rest_route=%2Fwp%2Fv2%2Fcomments&post=76"}],"version-history":[{"count":0,"href":"https:\/\/wtztrzebinia.pl\/index.php?rest_route=\/wp\/v2\/posts\/76\/revisions"}],"wp:attachment":[{"href":"https:\/\/wtztrzebinia.pl\/index.php?rest_route=%2Fwp%2Fv2%2Fmedia&parent=76"}],"wp:term":[{"taxonomy":"category","embeddable":true,"href":"https:\/\/wtztrzebinia.pl\/index.php?rest_route=%2Fwp%2Fv2%2Fcategories&post=76"},{"taxonomy":"post_tag","embeddable":true,"href":"https:\/\/wtztrzebinia.pl\/index.php?rest_route=%2Fwp%2Fv2%2Ftags&post=76"}],"curies":[{"name":"wp","href":"https:\/\/api.w.org\/{rel}","templated":true}]}}