{"id":75,"date":"2012-05-29T10:24:52","date_gmt":"2012-05-29T10:24:52","guid":{"rendered":"https:\/\/wtztrzebinia.pl\/?p=75"},"modified":"2012-05-29T10:24:52","modified_gmt":"2012-05-29T10:24:52","slug":"xx-ogolnopolska-pielgrzymka-fundacji-im-brata-alberta","status":"publish","type":"post","link":"https:\/\/wtztrzebinia.pl\/?p=75","title":{"rendered":"XX Og\u00f3lnopolska Pielgrzymka Fundacji im.Brata Alberta"},"content":{"rendered":"<p>W 25-t\u0105 rocznic\u0119 powstania Fundacji im. Brata Alberta odbyli\u015bmy 24.05.2012r. pielgrzymk\u0119 do sanktuarium maryjnego w Kalwarii Zebrzydowskiej. By\u0142a to ju\u017c XX Pielgrzymka naszej Fundacji, a 13, w kt\u00f3rej bra\u0142 udzia\u0142 nasz Warsztat oraz 11 pielgrzymka \u015bwietlicy terapeutycznej.<\/p>\n<p><!--more--><\/p>\n<p>Uroczystej Liturgii przewodniczy\u0142 ks. bp Damian Muskus, a wraz z nim koncelebrowa\u0142 ks. Tadeusz Isakowicz Zaleski- Prezes Fundacji im. Brata Alberta i\u00a0 ks. dziekan Krzysztof Krzy\u017canowski z Lubina.\u00a0 <br \/>S\u0142oneczna pogoda i pielgrzymkowy nastr\u00f3j dopisywa\u0142y nam od samego rana, chocia\u017c wia\u0142 mocny wiatr i targa\u0142 nasze czupryny. <br \/>Po uroczystej mszy \u015bwi\u0119tej z udzia\u0142em poczt\u00f3w sztandarowych oraz proporc\u00f3w z ka\u017cdej plac\u00f3wki wys\u0142uchali\u015bmy koncertu w wykonaniu Lidii Jazgar z poetycko &#8211; muzycznymi utworami o \u015aw. Franciszku z Asy\u017cu z p\u0142yty \u201eWia\u0142 Wiatr\u201d. <br \/>Mieli\u015bmy tak\u017ce czas na odwiedzenie najwa\u017cniejszych miejsc w kalwaryjskim sanktuarium oraz na spotkanie z przyjaci\u00f3\u0142mi i znajomymi z wszystkich plac\u00f3wek Fundacji, z ca\u0142ej Polski. Po pysznym obiedzie wr\u00f3cili\u015bmy przed o\u0142tarz, \u017ceby obejrze\u0107 kolejne wyst\u0119py. Tym razem zaprezentowa\u0142 si\u0119 Teatrzyk \u201eRadwanek\u201d z przedstawieniem &#8222;Piekarenka Brata Alberta\u201d oraz zespo\u0142u kleryk\u00f3w WSD oo. Bernardyn\u00f3w z opowie\u015bciami o Sanktuarium i piosenkami. <br \/>Jak to zwykle bywa na naszych pielgrzymkach, zako\u0144czyli\u015bmy wsp\u00f3lne \u015bwi\u0119towanie udzia\u0142em w Nabo\u017ce\u0144stwie Majowym,\u00a0 potem by\u0142 jeszcze czas na kilka zdj\u0119\u0107 grupowych i pe\u0142ni wra\u017ce\u0144 rozjechali\u015bmy si\u0119 do dom\u00f3w. Kolejne spotkanie pielgrzymkowe ju\u017c za rok.<\/p>\n","protected":false},"excerpt":{"rendered":"<p>W 25-t\u0105 rocznic\u0119 powstania Fundacji im. Brata Alberta odbyli\u015bmy 24.05.2012r. pielgrzymk\u0119 do sanktuarium maryjnego w Kalwarii Zebrzydowskiej. By\u0142a to ju\u017c XX Pielgrzymka naszej Fundacji, a 13, w kt\u00f3rej bra\u0142 udzia\u0142 nasz Warsztat oraz 11 pielgrzymka \u015bwietlicy terapeutycznej.<\/p>\n","protected":false},"author":1,"featured_media":0,"comment_status":"open","ping_status":"open","sticky":false,"template":"","format":"standard","meta":{"footnotes":""},"categories":[7],"tags":[],"class_list":["post-75","post","type-post","status-publish","format-standard","hentry","category-aktualnosci"],"_links":{"self":[{"href":"https:\/\/wtztrzebinia.pl\/index.php?rest_route=\/wp\/v2\/posts\/75","targetHints":{"allow":["GET"]}}],"collection":[{"href":"https:\/\/wtztrzebinia.pl\/index.php?rest_route=\/wp\/v2\/posts"}],"about":[{"href":"https:\/\/wtztrzebinia.pl\/index.php?rest_route=\/wp\/v2\/types\/post"}],"author":[{"embeddable":true,"href":"https:\/\/wtztrzebinia.pl\/index.php?rest_route=\/wp\/v2\/users\/1"}],"replies":[{"embeddable":true,"href":"https:\/\/wtztrzebinia.pl\/index.php?rest_route=%2Fwp%2Fv2%2Fcomments&post=75"}],"version-history":[{"count":0,"href":"https:\/\/wtztrzebinia.pl\/index.php?rest_route=\/wp\/v2\/posts\/75\/revisions"}],"wp:attachment":[{"href":"https:\/\/wtztrzebinia.pl\/index.php?rest_route=%2Fwp%2Fv2%2Fmedia&parent=75"}],"wp:term":[{"taxonomy":"category","embeddable":true,"href":"https:\/\/wtztrzebinia.pl\/index.php?rest_route=%2Fwp%2Fv2%2Fcategories&post=75"},{"taxonomy":"post_tag","embeddable":true,"href":"https:\/\/wtztrzebinia.pl\/index.php?rest_route=%2Fwp%2Fv2%2Ftags&post=75"}],"curies":[{"name":"wp","href":"https:\/\/api.w.org\/{rel}","templated":true}]}}