{"id":74,"date":"2012-05-29T10:18:24","date_gmt":"2012-05-29T10:18:24","guid":{"rendered":"https:\/\/wtztrzebinia.pl\/?p=74"},"modified":"2012-05-29T10:18:24","modified_gmt":"2012-05-29T10:18:24","slug":"juz-za-nami-ix-ogolnopolski-piknik-muzyczny-osob-niepelnosprawnych-w-trzebini","status":"publish","type":"post","link":"https:\/\/wtztrzebinia.pl\/?p=74","title":{"rendered":"Ju\u017c za nami IX Og\u00f3lnopolski Piknik Muzyczny Os\u00f3b Niepe\u0142nosprawnych w Trzebini"},"content":{"rendered":"<p>W wietrzny majowy czwartek ju\u017c po raz dziewi\u0105ty kilkana\u015bcie zespo\u0142\u00f3w muzycznych z ca\u0142ej Polski zaprezentowa\u0142o swoje talenty muzyczne, taneczne i wokalne\u00a0 podczas IX Og\u00f3lnopolskiego Pikniku Muzycznego Os\u00f3b Niepe\u0142nosprawnych w Trzebini.<\/p>\n<p><!--more--><\/p>\n<p>\u00a0<\/p>\n<p><strong>Tak by\u0142o na pocz\u0105tku<\/strong><br \/>Tym razem pogoda nas nie zawiod\u0142a, s\u0142o\u0144ce przedziera\u0142o si\u0119 przez chmury a wiatr pomaga\u0142 rozgoni\u0107 zapowiadany przez synoptyk\u00f3w deszcz. Uroczy\u015bcie otwarcia Pikniku dokona\u0142\u00a0 Ks. Tadeusz Zaleski &#8211; Prezes Fundacji im. Brata Alberta. Na rozgrzewk\u0119 wyst\u0105pi\u0142 zesp\u00f3\u0142 \u201eThe Best\u201d z wi\u0105zank\u0105 przeboj\u00f3w znanych i lubianych, a zaraz potem rozpocz\u0119\u0142y si\u0119 prezentacje zespo\u0142\u00f3w i solist\u00f3w. Podobnie jak w poprzednich latach spotkanie zgromadzi\u0142o oko\u0142o 300 os\u00f3b niepe\u0142nosprawnych i ich opiekun\u00f3w.<\/p>\n<p><strong>Prezentacje artystyczne<\/strong><br \/>Przed publiczno\u015bci\u0105 wyst\u0105pili: <br \/>Zesp\u00f3\u0142 \u201eALBERTY\u201d z WTZ w Sosnowcu, solista Mateusz Baczewski z zespo\u0142u \u201eARABESKA\u201d z WTZ przy ZOZ w Ko\u0144skich, zesp\u00f3\u0142 \u201eISKRA\u201d z Domu Pomocy Spo\u0142ecznej w P\u0142azie, \u201eWESO\u0141A KAPELA\u201d z WTZ w Libi\u0105\u017cu, solista ze \u015bwietlicy Terapeutycznej w Chrzanowie, \u201eS\u0141ONECZNE NUTKI\u201d z O\u015brodka Szkolno-Wychowawczego Towarzystwa Opieki nad Ociemnia\u0142ymi w Rabce,\u00a0zesp\u00f3\u0142 \u201eWESO\u0141O MI\u201d\u00a0 z WTZ os. Dywizjonu 303 w Krakowie, soli\u015bci;\u00a0 Monika Gaworczyk Mirek Rado\u0144 i Adam Gadzina\u00a0 z WTZ \u201eOTWARTE SERCA\u201d w \u0141apanowie, \u201e\u017b\u00f3\u0142ta ci\u017cemka\u201d z WTZ w Che\u0142mku, \u201eFOREST BOYS\u201d z WTZ w Przeciszowie, \u201e\u00d3SEMECZKI\u201d ze Szko\u0142y Podstawowej nr 8 im. Jana Paw\u0142a II w Trzebini, zesp\u00f3\u0142 \u201eSKALSKI BAND\u201d z WTZ w Skale, \u201ePRZEBUDZENI\u201d z WTZ w Olkuszu, zesp\u00f3\u0142 \u201eIskierki z SOSW w Chrzanowie, \u201eTHE BEST\u201d i \u201eSAMBA\u201d z WTZ w Trzebini oraz \u201eSTOKROTKI\u201d ze \u015awietlicy Terapeutycznej w Trzebini.<\/p>\n<p><strong>Jurorzy<\/strong><br \/>Profesjonalne jury w sk\u0142adzie, kt\u00f3rego zasiadali; Ma\u0142gorzata Liszka \u2013 muzykoterapeuta oraz Bart\u0142omiej Kocot \u2013 choreograf, Bronis\u0142aw Papiernik \u2013 uczestnik WTZ w Trzebini, jak co roku mia\u0142o twardy orzech do zgryzienia. Jak zwykle prezentowane by\u0142y na scenie popisy wokalne, ta\u0144ce, muzyka, \u015bpiew \u2013 czyli r\u00f3\u017cnorodne formy, kt\u00f3re trzeba by\u0142o oceni\u0107 jednakow\u0105 miar\u0105. Niepe\u0142nosprawni arty\u015bci \u015bpiewali, grali i ta\u0144czyli z ogromnym zaanga\u017cowaniem. Wyst\u0119puj\u0105cy na scenie raz za razem wzbudzali ogromny aplauz w\u015br\u00f3d publiczno\u015bci. Wszyscy roz\u015bpiewani i rozbawieni ani si\u0119 spostrzegli jak kilkugodzinny czas prezentacji min\u0105\u0142. W przerwie na obrady jury wyst\u0105pili wszyscy, kt\u00f3rzy chcieli zaprezentowa\u0107 si\u0119 na scenie. Na koniec za\u015b za\u015bpiewa\u0142 Maciej Piaszczy\u0144ski \u2013 najwi\u0119kszy na \u015bwiecie fan Majki Je\u017cowskiej.{igallery id=437|cid=7|pid=1|type=category|children=0|showmenu=0|tags=|limit=0}<\/p>\n<p><strong>Laureaci<\/strong><br \/>Po kr\u00f3tkiej technicznej przerwie Jury w sk\u0142adzie; postanowi\u0142o przyzna\u0107 wyr\u00f3\u017cnienia dla artyst\u00f3w; <br \/>W kategorii \u201eZesp\u00f3\u0142 wokalny\u201d; I wyr\u00f3\u017cnienie &#8211;\u00a0 \u201eFOREST BOYS\u201d z WTZ w Przeciszowie, II wyr\u00f3\u017cnienie &#8211; \u201eIskierki\u201d z SOSW w Chrzanowie i III wyr\u00f3\u017cnienie &#8211; \u201e\u017b\u00f3\u0142ta ci\u017cemka\u201d z WTZ w Che\u0142mku <br \/>W kategorii \u201eZesp\u00f3\u0142 wokalno-instrumentalny\u201d; I wyr\u00f3\u017cnienie \u201eS\u0141ONECZNE NUTKI\u201d z O\u015brodka Szkolno-Wychowawczego Towarzystwa Opieki nad Ociemnia\u0142ymi w Rabce,\u00a0\u00a0 II wyr\u00f3\u017cnienie Zesp\u00f3\u0142 \u201eALBERTY\u201d z WTZ w Sosnowcu <br \/>W kategorii \u201eSolista\u201d; I wyr\u00f3\u017cnienie; Monika Gaworczyk z WTZ \u201eOTWARTE SERCA\u201d w \u0141apanowie, II wyr\u00f3\u017cnienie; Adam Gadzina z WTZ \u201eOTWARTE SERCA\u201d w \u0141apanowie, III wyr\u00f3\u017cnienie; Mateusz Baczewski z zespo\u0142u \u201eARABESKA\u201d z WTZ przy ZOZ w Ko\u0144skich<br \/>oraz dodatkowe wyr\u00f3\u017cnienie dla Miros\u0142awa Radonia.<\/p>\n<p><strong>Podsumowanie<\/strong><br \/>W tym roku po raz dziewi\u0105ty z rz\u0119du organizacj\u0119 Pikniku dofinansowa\u0142 Pa\u0144stwowy Fundusz rehabilitacji Os\u00f3b Niepe\u0142nosprawnych oraz wsparli nasi nieocenieni przyjaciele; lokalni przedsi\u0119biorcy. Oczywi\u015bcie wielki wysi\u0142ek w organizacj\u0119 tej coraz liczniejszej imprezy plenerowo-artystycznej w\u0142o\u017cyli pracownicy i uczestnicy trzebi\u0144skich jednostek Fundacji im. Brata Alberta; Warsztatu Terapii Zaj\u0119ciowej i \u015awietlicy Terapeutycznej oraz rodzice i opiekunowie podopiecznych tych plac\u00f3wek a tak\u017ce wolontariusze z Zak\u0142adu Karnego w Trzebini. <br \/>Kolejny ju\u017c rok podsumowujemy spotkanie na Og\u00f3lnopolskim Pikniku Muzycznym Os\u00f3b Niepe\u0142nosprawnych z nadziej\u0105, \u017ce grono zaanga\u017cowanych os\u00f3b, firm i urz\u0119d\u00f3w, z roku na rok b\u0119dzie si\u0119 powi\u0119ksza\u0142o, a kolejne jubileuszowe, bo ju\u017c dziesi\u0105te spotkanie zgromadzi na wsp\u00f3lnej zabawie wi\u0119cej os\u00f3b niepe\u0142nosprawnych i \u017ce zabawa b\u0119dzie wy\u015bmienita, jak co roku\u2026.<\/p>\n<p>\u00a0<\/p>\n","protected":false},"excerpt":{"rendered":"<p>W wietrzny majowy czwartek ju\u017c po raz dziewi\u0105ty kilkana\u015bcie zespo\u0142\u00f3w muzycznych z ca\u0142ej Polski zaprezentowa\u0142o swoje talenty muzyczne, taneczne i wokalne\u00a0 podczas IX Og\u00f3lnopolskiego Pikniku Muzycznego Os\u00f3b Niepe\u0142nosprawnych w Trzebini.<\/p>\n","protected":false},"author":1,"featured_media":0,"comment_status":"open","ping_status":"open","sticky":false,"template":"","format":"standard","meta":{"footnotes":""},"categories":[7],"tags":[],"class_list":["post-74","post","type-post","status-publish","format-standard","hentry","category-aktualnosci"],"_links":{"self":[{"href":"https:\/\/wtztrzebinia.pl\/index.php?rest_route=\/wp\/v2\/posts\/74","targetHints":{"allow":["GET"]}}],"collection":[{"href":"https:\/\/wtztrzebinia.pl\/index.php?rest_route=\/wp\/v2\/posts"}],"about":[{"href":"https:\/\/wtztrzebinia.pl\/index.php?rest_route=\/wp\/v2\/types\/post"}],"author":[{"embeddable":true,"href":"https:\/\/wtztrzebinia.pl\/index.php?rest_route=\/wp\/v2\/users\/1"}],"replies":[{"embeddable":true,"href":"https:\/\/wtztrzebinia.pl\/index.php?rest_route=%2Fwp%2Fv2%2Fcomments&post=74"}],"version-history":[{"count":0,"href":"https:\/\/wtztrzebinia.pl\/index.php?rest_route=\/wp\/v2\/posts\/74\/revisions"}],"wp:attachment":[{"href":"https:\/\/wtztrzebinia.pl\/index.php?rest_route=%2Fwp%2Fv2%2Fmedia&parent=74"}],"wp:term":[{"taxonomy":"category","embeddable":true,"href":"https:\/\/wtztrzebinia.pl\/index.php?rest_route=%2Fwp%2Fv2%2Fcategories&post=74"},{"taxonomy":"post_tag","embeddable":true,"href":"https:\/\/wtztrzebinia.pl\/index.php?rest_route=%2Fwp%2Fv2%2Ftags&post=74"}],"curies":[{"name":"wp","href":"https:\/\/api.w.org\/{rel}","templated":true}]}}