{"id":65,"date":"2012-05-14T08:59:01","date_gmt":"2012-05-14T08:59:01","guid":{"rendered":"https:\/\/wtztrzebinia.pl\/?p=65"},"modified":"2012-05-14T08:59:01","modified_gmt":"2012-05-14T08:59:01","slug":"akademia-zycia-2012-start-10-04-12","status":"publish","type":"post","link":"https:\/\/wtztrzebinia.pl\/?p=65","title":{"rendered":"Akademia \u017cycia 2012 &#8211; start 10.04.12"},"content":{"rendered":"<p style=\"text-align: justify;\">W dniu 10 kwietnia br mia\u0142a w naszym warsztacie inauguracja \u201eAkademii \u017cycia-2012\u201d.\u00a0<br \/>Dla niewtajemniczonych; Akademia \u017bycia to cykl zaj\u0119\u0107 dodatkowych; terapeutycznych, edukacyjnych i rehabilitacyjnych maj\u0105cych na celu ograniczenie marginalizacji i przeciwdzia\u0142ania wykluczeniu spo\u0142ecznemu os\u00f3b niepe\u0142nosprawnych. W ramach projektu organizowane s\u0105 r\u00f3\u017cnorodne zaj\u0119cia np. z arteterapii, zaj\u0119cia rekreacyjne, edukacyjne, prozdrowotne, ekologiczne i wiele innych. Projekt jest dofinansowany ze \u015brodk\u00f3w Urz\u0119du Miasta w Trzebini. Tegoroczna Akademia to ju\u017c pi\u0105ta edycja projektu. Uroczyste zako\u0144czenie Akademii odb\u0119dzie si\u0119 30 czerwca br.<\/p>\n","protected":false},"excerpt":{"rendered":"<p>W dniu 10 kwietnia br mia\u0142a w naszym warsztacie inauguracja \u201eAkademii \u017cycia-2012\u201d.\u00a0Dla niewtajemniczonych; Akademia \u017bycia to cykl zaj\u0119\u0107 dodatkowych; terapeutycznych, edukacyjnych i rehabilitacyjnych maj\u0105cych na celu ograniczenie marginalizacji i przeciwdzia\u0142ania wykluczeniu spo\u0142ecznemu os\u00f3b niepe\u0142nosprawnych. W ramach projektu organizowane s\u0105 r\u00f3\u017cnorodne zaj\u0119cia np. z arteterapii, zaj\u0119cia rekreacyjne, edukacyjne, prozdrowotne, ekologiczne i wiele innych. Projekt jest dofinansowany ze \u015brodk\u00f3w Urz\u0119du Miasta w Trzebini. Tegoroczna Akademia to ju\u017c pi\u0105ta edycja projektu. Uroczyste zako\u0144czenie Akademii odb\u0119dzie si\u0119 30 czerwca br.<\/p>\n","protected":false},"author":1,"featured_media":0,"comment_status":"open","ping_status":"open","sticky":false,"template":"","format":"standard","meta":{"footnotes":""},"categories":[7],"tags":[],"class_list":["post-65","post","type-post","status-publish","format-standard","hentry","category-aktualnosci"],"_links":{"self":[{"href":"https:\/\/wtztrzebinia.pl\/index.php?rest_route=\/wp\/v2\/posts\/65","targetHints":{"allow":["GET"]}}],"collection":[{"href":"https:\/\/wtztrzebinia.pl\/index.php?rest_route=\/wp\/v2\/posts"}],"about":[{"href":"https:\/\/wtztrzebinia.pl\/index.php?rest_route=\/wp\/v2\/types\/post"}],"author":[{"embeddable":true,"href":"https:\/\/wtztrzebinia.pl\/index.php?rest_route=\/wp\/v2\/users\/1"}],"replies":[{"embeddable":true,"href":"https:\/\/wtztrzebinia.pl\/index.php?rest_route=%2Fwp%2Fv2%2Fcomments&post=65"}],"version-history":[{"count":0,"href":"https:\/\/wtztrzebinia.pl\/index.php?rest_route=\/wp\/v2\/posts\/65\/revisions"}],"wp:attachment":[{"href":"https:\/\/wtztrzebinia.pl\/index.php?rest_route=%2Fwp%2Fv2%2Fmedia&parent=65"}],"wp:term":[{"taxonomy":"category","embeddable":true,"href":"https:\/\/wtztrzebinia.pl\/index.php?rest_route=%2Fwp%2Fv2%2Fcategories&post=65"},{"taxonomy":"post_tag","embeddable":true,"href":"https:\/\/wtztrzebinia.pl\/index.php?rest_route=%2Fwp%2Fv2%2Ftags&post=65"}],"curies":[{"name":"wp","href":"https:\/\/api.w.org\/{rel}","templated":true}]}}