{"id":53,"date":"2012-04-27T15:05:11","date_gmt":"2012-04-27T15:05:11","guid":{"rendered":"https:\/\/wtztrzebinia.pl\/?p=53"},"modified":"2023-02-24T09:37:30","modified_gmt":"2023-02-24T09:37:30","slug":"swietlice-terapeutyczne","status":"publish","type":"post","link":"https:\/\/wtztrzebinia.pl\/?p=53","title":{"rendered":"\u015awietlice terapeutyczne"},"content":{"rendered":"<p style=\"text-align: justify;\">W ramach Fundacji im. Brata Alberta dzia\u0142a 7 \u015bwietlic terapeutycznych (Radwanowice, Ot\u0142oczyn k. Torunia, Chrzan\u00f3w, Libi\u0105\u017c, Krak\u00f3w, Che\u0142mek, Trzebinia).<br \/>\u015awietlice maj\u0105 na celu zapewnienie osobom niepe\u0142nosprawnym mo\u017cliwo\u015bci aktywnego \u017cycia, przy jednoczesnym zachowaniu zwi\u0105zk\u00f3w rodzinnych. Koncentruj\u0105 si\u0119 na utrzymaniu podopiecznych w dobrej formie fizycznej i psychicznej poprzez odpowiedni\u0105 rehabilitacj\u0119 oraz dbaj\u0105 o ich kondycj\u0119 intelektualn\u0105.<\/p>\n","protected":false},"excerpt":{"rendered":"<p>W ramach Fundacji im. Brata Alberta dzia\u0142a 7 \u015bwietlic terapeutycznych (Radwanowice, Ot\u0142oczyn k. Torunia, Chrzan\u00f3w, Libi\u0105\u017c, Krak\u00f3w, Che\u0142mek, Trzebinia).\u015awietlice maj\u0105 na celu zapewnienie osobom niepe\u0142nosprawnym mo\u017cliwo\u015bci aktywnego \u017cycia, przy jednoczesnym zachowaniu zwi\u0105zk\u00f3w rodzinnych. Koncentruj\u0105 si\u0119 na utrzymaniu podopiecznych w dobrej formie fizycznej i psychicznej poprzez odpowiedni\u0105 rehabilitacj\u0119 oraz dbaj\u0105 o ich kondycj\u0119 intelektualn\u0105.<\/p>\n","protected":false},"author":1,"featured_media":0,"comment_status":"closed","ping_status":"open","sticky":false,"template":"","format":"standard","meta":{"footnotes":""},"categories":[3],"tags":[],"class_list":["post-53","post","type-post","status-publish","format-standard","hentry","category-fundacja"],"_links":{"self":[{"href":"https:\/\/wtztrzebinia.pl\/index.php?rest_route=\/wp\/v2\/posts\/53","targetHints":{"allow":["GET"]}}],"collection":[{"href":"https:\/\/wtztrzebinia.pl\/index.php?rest_route=\/wp\/v2\/posts"}],"about":[{"href":"https:\/\/wtztrzebinia.pl\/index.php?rest_route=\/wp\/v2\/types\/post"}],"author":[{"embeddable":true,"href":"https:\/\/wtztrzebinia.pl\/index.php?rest_route=\/wp\/v2\/users\/1"}],"replies":[{"embeddable":true,"href":"https:\/\/wtztrzebinia.pl\/index.php?rest_route=%2Fwp%2Fv2%2Fcomments&post=53"}],"version-history":[{"count":1,"href":"https:\/\/wtztrzebinia.pl\/index.php?rest_route=\/wp\/v2\/posts\/53\/revisions"}],"predecessor-version":[{"id":682,"href":"https:\/\/wtztrzebinia.pl\/index.php?rest_route=\/wp\/v2\/posts\/53\/revisions\/682"}],"wp:attachment":[{"href":"https:\/\/wtztrzebinia.pl\/index.php?rest_route=%2Fwp%2Fv2%2Fmedia&parent=53"}],"wp:term":[{"taxonomy":"category","embeddable":true,"href":"https:\/\/wtztrzebinia.pl\/index.php?rest_route=%2Fwp%2Fv2%2Fcategories&post=53"},{"taxonomy":"post_tag","embeddable":true,"href":"https:\/\/wtztrzebinia.pl\/index.php?rest_route=%2Fwp%2Fv2%2Ftags&post=53"}],"curies":[{"name":"wp","href":"https:\/\/api.w.org\/{rel}","templated":true}]}}