{"id":485,"date":"2020-09-18T09:01:06","date_gmt":"2020-09-18T09:01:06","guid":{"rendered":"https:\/\/wtztrzebinia.pl\/?p=485"},"modified":"2020-09-18T09:01:06","modified_gmt":"2020-09-18T09:01:06","slug":"inauguracja-roku-harcerskiego-18-09-2020","status":"publish","type":"post","link":"https:\/\/wtztrzebinia.pl\/?p=485","title":{"rendered":"Inauguracja Roku Harcerskiego \u2013 18.09.2020"},"content":{"rendered":"<p style=\"margin-bottom: 0.0001pt; line-height: normal;\"><span style=\"font-size: 12pt; font-family: 'Trebuchet MS', sans-serif; color: black;\">Jak co roku we wrze\u015bniu, tak i w tym, troch\u0119 dziwnym czasie, odbywa si\u0119 inauguracja roku harcerskiego. Ma ona oczywi\u015bcie tym razem zmienion\u0105 formu\u0142\u0119, zamiast wsp&oacute;lnego \u015bwi\u0119towania ca\u0142ej Chor\u0105gwi Krakowskiej, spotykamy si\u0119 w mniejszym gronie. Nasza dru\u017cyna &bdquo;Zo\u015bka&rdquo; te\u017c aktywnie w\u0142\u0105czy\u0142a si\u0119 w t\u0119 akcj\u0119.<br \/>\n<!--more--><br \/>\n<\/span><\/p>\n<p style=\"margin-bottom: 0.0001pt; line-height: normal;\"><span style=\"font-size: 12pt; font-family: 'Trebuchet MS', sans-serif; color: black;\">Podczas dzisiejszej zbi&oacute;rki pt. &#8222;Rozpalmy tu&#8230;&#8221; zainaugurowali\u015bmy sw&oacute;j rok. Jaki on b\u0119dzie czas poka\u017ce. W ramach tej odmienionej inauguracji og\u0142oszone zosta\u0142y konkursy; Jeden z nich pt. &bdquo;Rozpalmy ogie\u0144&rdquo; zach\u0119ca\u0142 do rozpalenia ogniska tam, gdzie na co dzie\u0144 w\u0119drujemy, harcujemy, pe\u0142nimy s\u0142u\u017cb\u0119, spotykamy si\u0119 dru\u017cyn\u0105&hellip;czyli w naszym ogrodzie. Zadaniem by\u0142o zbudowa\u0107 najlepszy kszta\u0142t ogniska, wi\u0119c skonstruowali\u015bmy swoje. Jednym przypomina\u0142o wigwam india\u0144ski, innym snopek, a jeszcze innym wie\u017c\u0119 Eiffla&hellip;zdania by\u0142y podzielone, ale byli\u015bmy z siebie zadowoleni. Mamy nadziej\u0119, \u017ce wam si\u0119 te\u017c spodoba. Drugie zadanie konkursowe posz\u0142o nam za\u015b \u015bpiewaj\u0105co&hellip;jego celem by\u0142o stworzenie i od\u015bpiewanie piosenki ze s\u0142owami ogie\u0144\/ognisko&hellip;z tym tworzeniem to by\u0142o r&oacute;\u017cnie, ale za\u015bpiewali\u015bmy najlepiej jak umieli\u015bmy&hellip; Meldujemy wi\u0119c, \u017ce &bdquo;Zo\u015bka&rdquo; rozpocz\u0119\u0142a sw&oacute;j rok harcerski!<\/span><\/p>\n","protected":false},"excerpt":{"rendered":"<p>Jak co roku we wrze\u015bniu, tak i w tym, troch\u0119 dziwnym czasie, odbywa si\u0119 inauguracja roku harcerskiego. Ma ona oczywi\u015bcie tym razem zmienion\u0105 formu\u0142\u0119, zamiast wsp&oacute;lnego \u015bwi\u0119towania ca\u0142ej Chor\u0105gwi Krakowskiej, spotykamy si\u0119 w mniejszym gronie. Nasza dru\u017cyna &bdquo;Zo\u015bka&rdquo; te\u017c aktywnie w\u0142\u0105czy\u0142a si\u0119 w t\u0119 akcj\u0119.<\/p>\n","protected":false},"author":1,"featured_media":0,"comment_status":"open","ping_status":"open","sticky":false,"template":"","format":"standard","meta":{"footnotes":""},"categories":[7],"tags":[],"class_list":["post-485","post","type-post","status-publish","format-standard","hentry","category-aktualnosci"],"_links":{"self":[{"href":"https:\/\/wtztrzebinia.pl\/index.php?rest_route=\/wp\/v2\/posts\/485","targetHints":{"allow":["GET"]}}],"collection":[{"href":"https:\/\/wtztrzebinia.pl\/index.php?rest_route=\/wp\/v2\/posts"}],"about":[{"href":"https:\/\/wtztrzebinia.pl\/index.php?rest_route=\/wp\/v2\/types\/post"}],"author":[{"embeddable":true,"href":"https:\/\/wtztrzebinia.pl\/index.php?rest_route=\/wp\/v2\/users\/1"}],"replies":[{"embeddable":true,"href":"https:\/\/wtztrzebinia.pl\/index.php?rest_route=%2Fwp%2Fv2%2Fcomments&post=485"}],"version-history":[{"count":0,"href":"https:\/\/wtztrzebinia.pl\/index.php?rest_route=\/wp\/v2\/posts\/485\/revisions"}],"wp:attachment":[{"href":"https:\/\/wtztrzebinia.pl\/index.php?rest_route=%2Fwp%2Fv2%2Fmedia&parent=485"}],"wp:term":[{"taxonomy":"category","embeddable":true,"href":"https:\/\/wtztrzebinia.pl\/index.php?rest_route=%2Fwp%2Fv2%2Fcategories&post=485"},{"taxonomy":"post_tag","embeddable":true,"href":"https:\/\/wtztrzebinia.pl\/index.php?rest_route=%2Fwp%2Fv2%2Ftags&post=485"}],"curies":[{"name":"wp","href":"https:\/\/api.w.org\/{rel}","templated":true}]}}