{"id":480,"date":"2020-06-08T09:30:54","date_gmt":"2020-06-08T09:30:54","guid":{"rendered":"https:\/\/wtztrzebinia.pl\/?p=480"},"modified":"2020-06-08T09:30:54","modified_gmt":"2020-06-08T09:30:54","slug":"dzien-dziecka-w-swietlicy-01-06-2020","status":"publish","type":"post","link":"https:\/\/wtztrzebinia.pl\/?p=480","title":{"rendered":"Dzie\u0144 Dziecka w \u015awietlicy \u2013 01.06.2020"},"content":{"rendered":"<p style=\"margin-bottom: 0.0001pt; line-height: normal;\">W poniedzia\u0142ek 01.06.20, w naszej trzebi\u0144skiej \u015awietlicy \u015bwi\u0119towali\u015bmy wyj\u0105tkowy Dzie\u0144 Dziecka.<br \/>\n<!--more--><br \/>\nWyj\u0105tkowy bo w ko\u0144cu po ponad dw&oacute;ch miesi\u0105cach izolacji mogli\u015bmy si\u0119 wsp&oacute;lnie zobaczy\u0107, porozmawia\u0107, pou\u015bmiecha\u0107 i poby\u0107 wsp&oacute;lnie. Zachowuj\u0105c wszelkie zasady re\u017cimu sanitarnego uda\u0142o nam si\u0119 wi\u0119c nie\u017ale bawi\u0107, zje\u015b\u0107 pyszn\u0105 pizz\u0119 i jeszcze obdarowa\u0107 podopiecznych drobnymi prezentami. Jak mi\u0142o Was widzie\u0107! Zapraszamy do galerii i na FB.<\/p>\n","protected":false},"excerpt":{"rendered":"<p>W poniedzia\u0142ek 01.06.20, w naszej trzebi\u0144skiej \u015awietlicy \u015bwi\u0119towali\u015bmy wyj\u0105tkowy Dzie\u0144 Dziecka.<\/p>\n","protected":false},"author":1,"featured_media":0,"comment_status":"open","ping_status":"open","sticky":false,"template":"","format":"standard","meta":{"footnotes":""},"categories":[7],"tags":[],"class_list":["post-480","post","type-post","status-publish","format-standard","hentry","category-aktualnosci"],"_links":{"self":[{"href":"https:\/\/wtztrzebinia.pl\/index.php?rest_route=\/wp\/v2\/posts\/480","targetHints":{"allow":["GET"]}}],"collection":[{"href":"https:\/\/wtztrzebinia.pl\/index.php?rest_route=\/wp\/v2\/posts"}],"about":[{"href":"https:\/\/wtztrzebinia.pl\/index.php?rest_route=\/wp\/v2\/types\/post"}],"author":[{"embeddable":true,"href":"https:\/\/wtztrzebinia.pl\/index.php?rest_route=\/wp\/v2\/users\/1"}],"replies":[{"embeddable":true,"href":"https:\/\/wtztrzebinia.pl\/index.php?rest_route=%2Fwp%2Fv2%2Fcomments&post=480"}],"version-history":[{"count":0,"href":"https:\/\/wtztrzebinia.pl\/index.php?rest_route=\/wp\/v2\/posts\/480\/revisions"}],"wp:attachment":[{"href":"https:\/\/wtztrzebinia.pl\/index.php?rest_route=%2Fwp%2Fv2%2Fmedia&parent=480"}],"wp:term":[{"taxonomy":"category","embeddable":true,"href":"https:\/\/wtztrzebinia.pl\/index.php?rest_route=%2Fwp%2Fv2%2Fcategories&post=480"},{"taxonomy":"post_tag","embeddable":true,"href":"https:\/\/wtztrzebinia.pl\/index.php?rest_route=%2Fwp%2Fv2%2Ftags&post=480"}],"curies":[{"name":"wp","href":"https:\/\/api.w.org\/{rel}","templated":true}]}}