{"id":478,"date":"2020-06-08T09:30:01","date_gmt":"2020-06-08T09:30:01","guid":{"rendered":"https:\/\/wtztrzebinia.pl\/?p=478"},"modified":"2020-06-08T09:30:01","modified_gmt":"2020-06-08T09:30:01","slug":"wznowienie-dzialalnosci-wtz-i-st-trzebinia-24-05-2020","status":"publish","type":"post","link":"https:\/\/wtztrzebinia.pl\/?p=478","title":{"rendered":"Wznowienie dzia\u0142alno\u015bci WTZ i \u015aT Trzebinia \u2013 24.05.2020"},"content":{"rendered":"<p style=\"margin-bottom: 0.0001pt; line-height: normal;\">Informujemy, \u017ce decyzj\u0105 Wojewody Ma\u0142opolskiego z dnia 21.05.2020 okres zawieszenia zaj\u0119\u0107 w plac&oacute;wkach wsparcia dziennego, w tym warsztatach terapii zaj\u0119ciowej zako\u0144czy\u0142 si\u0119 w dn. 24.05.2020. W zwi\u0105zku z powy\u017cszym w dniu 25.05.2020 Warsztat Terapii Zaj\u0119ciowej i \u015awietlica Terapeutyczna w Trzebini rozpocz\u0119\u0142y przygotowania do przyj\u0119cia podopiecznych. Zaj\u0119cia stacjonarne wraz z dowozem dla uczestnik&oacute;w WTZ i \u015aT rozpoczn\u0105 si\u0119 w dn. 27.05.2020r.<\/p>\n","protected":false},"excerpt":{"rendered":"<p>Informujemy, \u017ce decyzj\u0105 Wojewody Ma\u0142opolskiego z dnia 21.05.2020 okres zawieszenia zaj\u0119\u0107 w plac&oacute;wkach wsparcia dziennego, w tym warsztatach terapii zaj\u0119ciowej zako\u0144czy\u0142 si\u0119 w dn. 24.05.2020. W zwi\u0105zku z powy\u017cszym w dniu 25.05.2020 Warsztat Terapii Zaj\u0119ciowej i \u015awietlica Terapeutyczna w Trzebini rozpocz\u0119\u0142y przygotowania do przyj\u0119cia podopiecznych. Zaj\u0119cia stacjonarne wraz z dowozem dla uczestnik&oacute;w WTZ i \u015aT rozpoczn\u0105 si\u0119 w dn. 27.05.2020r.<\/p>\n","protected":false},"author":1,"featured_media":0,"comment_status":"open","ping_status":"open","sticky":false,"template":"","format":"standard","meta":{"footnotes":""},"categories":[7],"tags":[],"class_list":["post-478","post","type-post","status-publish","format-standard","hentry","category-aktualnosci"],"_links":{"self":[{"href":"https:\/\/wtztrzebinia.pl\/index.php?rest_route=\/wp\/v2\/posts\/478","targetHints":{"allow":["GET"]}}],"collection":[{"href":"https:\/\/wtztrzebinia.pl\/index.php?rest_route=\/wp\/v2\/posts"}],"about":[{"href":"https:\/\/wtztrzebinia.pl\/index.php?rest_route=\/wp\/v2\/types\/post"}],"author":[{"embeddable":true,"href":"https:\/\/wtztrzebinia.pl\/index.php?rest_route=\/wp\/v2\/users\/1"}],"replies":[{"embeddable":true,"href":"https:\/\/wtztrzebinia.pl\/index.php?rest_route=%2Fwp%2Fv2%2Fcomments&post=478"}],"version-history":[{"count":0,"href":"https:\/\/wtztrzebinia.pl\/index.php?rest_route=\/wp\/v2\/posts\/478\/revisions"}],"wp:attachment":[{"href":"https:\/\/wtztrzebinia.pl\/index.php?rest_route=%2Fwp%2Fv2%2Fmedia&parent=478"}],"wp:term":[{"taxonomy":"category","embeddable":true,"href":"https:\/\/wtztrzebinia.pl\/index.php?rest_route=%2Fwp%2Fv2%2Fcategories&post=478"},{"taxonomy":"post_tag","embeddable":true,"href":"https:\/\/wtztrzebinia.pl\/index.php?rest_route=%2Fwp%2Fv2%2Ftags&post=478"}],"curies":[{"name":"wp","href":"https:\/\/api.w.org\/{rel}","templated":true}]}}