{"id":473,"date":"2020-06-08T09:27:35","date_gmt":"2020-06-08T09:27:35","guid":{"rendered":"https:\/\/wtztrzebinia.pl\/?p=473"},"modified":"2020-06-08T09:27:35","modified_gmt":"2020-06-08T09:27:35","slug":"pomoc-szyta-na-miare-09-04-20","status":"publish","type":"post","link":"https:\/\/wtztrzebinia.pl\/?p=473","title":{"rendered":"Pomoc szyta na miar\u0119 &#8211; 09.04.20"},"content":{"rendered":"<p style=\"margin-top: 0cm; margin-right: 0cm; margin-bottom: 0.0001pt;\"><span style=\"font-size: 11pt; font-family: 'Calibri', sans-serif; color: #1c1e21;\">Nasz Warsztat i nasz \u015awietlica (a konkretnie nasi pracownicy) wzi\u0119li aktywnie udzia\u0142 we wsp&oacute;lnej akcji Samorz\u0105du Wojew&oacute;dztwa Ma\u0142opolskiego i Regionalnego O\u015brodka Polityki Spo\u0142ecznej w Krakowie pt. &bdquo;Pomoc szyta na miar\u0119&rdquo; &ndash; polegaj\u0105cej na wykonaniu zam&oacute;wienia maseczek ochronnych wielorazowego u\u017cycia dla do pracownik&oacute;w i podopiecznych dom&oacute;w pomocy spo\u0142ecznej oraz mieszka\u0144c&oacute;w naszego regionu. W akcji tej wsparli\u015bmy nasz\u0105 fundacyjn\u0105 Sp&oacute;\u0142dzielni\u0119 Socjaln\u0105 &bdquo;Albert&rdquo; i uszyli\u015bmy 300 szt. maseczek. Brawo My i brawo wszyscy inni!<\/span><\/p>\n","protected":false},"excerpt":{"rendered":"<p>Nasz Warsztat i nasz \u015awietlica (a konkretnie nasi pracownicy) wzi\u0119li aktywnie udzia\u0142 we wsp&oacute;lnej akcji Samorz\u0105du Wojew&oacute;dztwa Ma\u0142opolskiego i Regionalnego O\u015brodka Polityki Spo\u0142ecznej w Krakowie pt. &bdquo;Pomoc szyta na miar\u0119&rdquo; &ndash; polegaj\u0105cej na wykonaniu zam&oacute;wienia maseczek ochronnych wielorazowego u\u017cycia dla do pracownik&oacute;w i podopiecznych dom&oacute;w pomocy spo\u0142ecznej oraz mieszka\u0144c&oacute;w naszego regionu. W akcji tej wsparli\u015bmy nasz\u0105 fundacyjn\u0105 Sp&oacute;\u0142dzielni\u0119 Socjaln\u0105 &bdquo;Albert&rdquo; i uszyli\u015bmy 300 szt. maseczek. Brawo My i brawo wszyscy inni!<\/p>\n","protected":false},"author":1,"featured_media":0,"comment_status":"open","ping_status":"open","sticky":false,"template":"","format":"standard","meta":{"footnotes":""},"categories":[7],"tags":[],"class_list":["post-473","post","type-post","status-publish","format-standard","hentry","category-aktualnosci"],"_links":{"self":[{"href":"https:\/\/wtztrzebinia.pl\/index.php?rest_route=\/wp\/v2\/posts\/473","targetHints":{"allow":["GET"]}}],"collection":[{"href":"https:\/\/wtztrzebinia.pl\/index.php?rest_route=\/wp\/v2\/posts"}],"about":[{"href":"https:\/\/wtztrzebinia.pl\/index.php?rest_route=\/wp\/v2\/types\/post"}],"author":[{"embeddable":true,"href":"https:\/\/wtztrzebinia.pl\/index.php?rest_route=\/wp\/v2\/users\/1"}],"replies":[{"embeddable":true,"href":"https:\/\/wtztrzebinia.pl\/index.php?rest_route=%2Fwp%2Fv2%2Fcomments&post=473"}],"version-history":[{"count":0,"href":"https:\/\/wtztrzebinia.pl\/index.php?rest_route=\/wp\/v2\/posts\/473\/revisions"}],"wp:attachment":[{"href":"https:\/\/wtztrzebinia.pl\/index.php?rest_route=%2Fwp%2Fv2%2Fmedia&parent=473"}],"wp:term":[{"taxonomy":"category","embeddable":true,"href":"https:\/\/wtztrzebinia.pl\/index.php?rest_route=%2Fwp%2Fv2%2Fcategories&post=473"},{"taxonomy":"post_tag","embeddable":true,"href":"https:\/\/wtztrzebinia.pl\/index.php?rest_route=%2Fwp%2Fv2%2Ftags&post=473"}],"curies":[{"name":"wp","href":"https:\/\/api.w.org\/{rel}","templated":true}]}}