{"id":472,"date":"2020-06-08T09:27:08","date_gmt":"2020-06-08T09:27:08","guid":{"rendered":"https:\/\/wtztrzebinia.pl\/?p=472"},"modified":"2020-06-08T09:27:08","modified_gmt":"2020-06-08T09:27:08","slug":"wirtualny-kiermasz-swiateczny-01-04-10-04-2020","status":"publish","type":"post","link":"https:\/\/wtztrzebinia.pl\/?p=472","title":{"rendered":"Wirtualny kiermasz \u015awi\u0105teczny \u2013 01.04-10.04.2020"},"content":{"rendered":"<p style=\"margin-bottom: 0.0001pt; line-height: normal;\">Nasi Drodzy FB i realni Przyjaciele oraz Ci kt&oacute;rych jeszcze nie znamy zapraszamy na wirtualn\u0105 wystaw\u0119 naszych wielkanocnych ozd&oacute;b i stroik&oacute;w, kt&oacute;re produkowali\u015bmy w naszych warsztatowych i \u015bwietlicowych pracowniach w pocie czo\u0142a ju\u017c od lutego&hellip; szykuj\u0105c si\u0119 na przed\u015bwi\u0105teczne kiermasze. Niestety \u017cycie przynios\u0142o niespodziank\u0119 w postaci pandemii&hellip;i kiermasz&oacute;w nie b\u0119dzie. Przedstawiamy wi\u0119c przynajmniej wirtualnie nasze prace. Nacieszcie swoje oczy, nasi podopieczni s\u0105 dumni ze swoich prac i chocia\u017c w ten spos&oacute;b b\u0119d\u0105 si\u0119 mogli nimi pochwali\u0107. Prace mo\u017cna ogl\u0105da\u0107 na FB. Zapraszamy. <\/p>\n","protected":false},"excerpt":{"rendered":"<p>Nasi Drodzy FB i realni Przyjaciele oraz Ci kt&oacute;rych jeszcze nie znamy zapraszamy na wirtualn\u0105 wystaw\u0119 naszych wielkanocnych ozd&oacute;b i stroik&oacute;w, kt&oacute;re produkowali\u015bmy w naszych warsztatowych i \u015bwietlicowych pracowniach w pocie czo\u0142a ju\u017c od lutego&hellip; szykuj\u0105c si\u0119 na przed\u015bwi\u0105teczne kiermasze. Niestety \u017cycie przynios\u0142o niespodziank\u0119 w postaci pandemii&hellip;i kiermasz&oacute;w nie b\u0119dzie. Przedstawiamy wi\u0119c przynajmniej wirtualnie nasze prace. Nacieszcie swoje oczy, nasi podopieczni s\u0105 dumni ze swoich prac i chocia\u017c w ten spos&oacute;b b\u0119d\u0105 si\u0119 mogli nimi pochwali\u0107. Prace mo\u017cna ogl\u0105da\u0107 na FB. Zapraszamy.<\/p>\n","protected":false},"author":1,"featured_media":0,"comment_status":"open","ping_status":"open","sticky":false,"template":"","format":"standard","meta":{"footnotes":""},"categories":[7],"tags":[],"class_list":["post-472","post","type-post","status-publish","format-standard","hentry","category-aktualnosci"],"_links":{"self":[{"href":"https:\/\/wtztrzebinia.pl\/index.php?rest_route=\/wp\/v2\/posts\/472","targetHints":{"allow":["GET"]}}],"collection":[{"href":"https:\/\/wtztrzebinia.pl\/index.php?rest_route=\/wp\/v2\/posts"}],"about":[{"href":"https:\/\/wtztrzebinia.pl\/index.php?rest_route=\/wp\/v2\/types\/post"}],"author":[{"embeddable":true,"href":"https:\/\/wtztrzebinia.pl\/index.php?rest_route=\/wp\/v2\/users\/1"}],"replies":[{"embeddable":true,"href":"https:\/\/wtztrzebinia.pl\/index.php?rest_route=%2Fwp%2Fv2%2Fcomments&post=472"}],"version-history":[{"count":0,"href":"https:\/\/wtztrzebinia.pl\/index.php?rest_route=\/wp\/v2\/posts\/472\/revisions"}],"wp:attachment":[{"href":"https:\/\/wtztrzebinia.pl\/index.php?rest_route=%2Fwp%2Fv2%2Fmedia&parent=472"}],"wp:term":[{"taxonomy":"category","embeddable":true,"href":"https:\/\/wtztrzebinia.pl\/index.php?rest_route=%2Fwp%2Fv2%2Fcategories&post=472"},{"taxonomy":"post_tag","embeddable":true,"href":"https:\/\/wtztrzebinia.pl\/index.php?rest_route=%2Fwp%2Fv2%2Ftags&post=472"}],"curies":[{"name":"wp","href":"https:\/\/api.w.org\/{rel}","templated":true}]}}