{"id":433,"date":"2018-12-12T14:14:01","date_gmt":"2018-12-12T14:14:01","guid":{"rendered":"https:\/\/wtztrzebinia.pl\/?p=433"},"modified":"2018-12-12T14:14:01","modified_gmt":"2018-12-12T14:14:01","slug":"blizej-siebie-16-11-2018","status":"publish","type":"post","link":"https:\/\/wtztrzebinia.pl\/?p=433","title":{"rendered":"Bli\u017cej siebie \u2013 16.11.2018"},"content":{"rendered":"<p>Ju\u017c po raz osiemnasty, na zaproszenie Integracyjnej Szko\u0142y Podstawowej nr 8 w Trzebini, wzi\u0119li\u015bmy udzia\u0142 w Festiwalu Tw&oacute;rczo\u015bci Integracyjnej &bdquo;Bli\u017cej Siebie&rdquo;.<br \/>\n<!--more--><br \/>\nWszystko si\u0119 dzia\u0142o w Trzebini, 16.11.18r. Tym razem organizatorzy wybrali za has\u0142o przewodnie przegl\u0105du &bdquo;Rock and Roll&rsquo;a&rdquo;. Co tam si\u0119 dzia\u0142o! Nam przypad\u0142a w udziale prezentacja utworu &bdquo;Rock around the clock&rdquo;. Nasi warsztatowi tancerze brawurowo wykonali uk\u0142ad, kt&oacute;ry przygotowa\u0142a z nimi Pani Marta Dymus. Drugie zadanie, jakie musieli\u015bmy wykona\u0107 to by\u0142 projekt plakatu naszego dzisiejszego wyst\u0119pu. Tu zab\u0142ysn\u0119\u0142a pracownia plastyczna pod kierunkiem Pani Basi Kipek. I co? I brawo MY! Brawo organizatorzy!<\/p>\n","protected":false},"excerpt":{"rendered":"<p>Ju\u017c po raz osiemnasty, na zaproszenie Integracyjnej Szko\u0142y Podstawowej nr 8 w Trzebini, wzi\u0119li\u015bmy udzia\u0142 w Festiwalu Tw&oacute;rczo\u015bci Integracyjnej &bdquo;Bli\u017cej Siebie&rdquo;.<\/p>\n","protected":false},"author":1,"featured_media":0,"comment_status":"open","ping_status":"open","sticky":false,"template":"","format":"standard","meta":{"footnotes":""},"categories":[7],"tags":[],"class_list":["post-433","post","type-post","status-publish","format-standard","hentry","category-aktualnosci"],"_links":{"self":[{"href":"https:\/\/wtztrzebinia.pl\/index.php?rest_route=\/wp\/v2\/posts\/433","targetHints":{"allow":["GET"]}}],"collection":[{"href":"https:\/\/wtztrzebinia.pl\/index.php?rest_route=\/wp\/v2\/posts"}],"about":[{"href":"https:\/\/wtztrzebinia.pl\/index.php?rest_route=\/wp\/v2\/types\/post"}],"author":[{"embeddable":true,"href":"https:\/\/wtztrzebinia.pl\/index.php?rest_route=\/wp\/v2\/users\/1"}],"replies":[{"embeddable":true,"href":"https:\/\/wtztrzebinia.pl\/index.php?rest_route=%2Fwp%2Fv2%2Fcomments&post=433"}],"version-history":[{"count":0,"href":"https:\/\/wtztrzebinia.pl\/index.php?rest_route=\/wp\/v2\/posts\/433\/revisions"}],"wp:attachment":[{"href":"https:\/\/wtztrzebinia.pl\/index.php?rest_route=%2Fwp%2Fv2%2Fmedia&parent=433"}],"wp:term":[{"taxonomy":"category","embeddable":true,"href":"https:\/\/wtztrzebinia.pl\/index.php?rest_route=%2Fwp%2Fv2%2Fcategories&post=433"},{"taxonomy":"post_tag","embeddable":true,"href":"https:\/\/wtztrzebinia.pl\/index.php?rest_route=%2Fwp%2Fv2%2Ftags&post=433"}],"curies":[{"name":"wp","href":"https:\/\/api.w.org\/{rel}","templated":true}]}}