{"id":423,"date":"2018-06-19T13:08:33","date_gmt":"2018-06-19T13:08:33","guid":{"rendered":"https:\/\/wtztrzebinia.pl\/?p=423"},"modified":"2018-06-19T13:08:33","modified_gmt":"2018-06-19T13:08:33","slug":"dzien-patrona-w-trzebini-19-06-2018","status":"publish","type":"post","link":"https:\/\/wtztrzebinia.pl\/?p=423","title":{"rendered":"Dzie\u0144 Patrona w Trzebini \u2013 19.06.2018"},"content":{"rendered":"<p style=\"margin-top: 0cm; margin-right: 0cm; margin-bottom: 0.0001pt;\"><span style=\"font-size: 11pt; font-family: 'Calibri', 'sans-serif';\">W dniu 19.06.2018r. odby\u0142 si\u0119 doroczny Dzie\u0144 Patrona Fundacji \u015aw. Brata Alberta. Nasze spotkanie rozpocz\u0119\u0142a uroczysta msza \u015bwi\u0119ta w Ko\u015bciele pw. \u015aw. Aposto\u0142&oacute;w Piotra i Paw\u0142a w Trzebini.<br \/>\n<!--more--><br \/>\nMsz\u0119 \u015bwi\u0119t\u0105 odprawiali Ksi\u0105dz Dziekan Stanis\u0142aw Krzysik i Ksi\u0105dz Prezes Tadeusz Isakowicz &ndash; Zaleski. Opraw\u0119 mszy, czytania i modlitw\u0119 wiernych przygotowa\u0142y wsp&oacute;lnie nasze warsztaty i \u015bwietlica. Po mszy \u015bwi\u0119tej by\u0142a kr&oacute;tka cz\u0119\u015b\u0107 oficjalna uroczysto\u015bci, czyli przywitanie wszystkich zaproszonych go\u015bci, a nast\u0119pnie prezentacje artystyczne podopiecznych \u015awietlicy i uczestnik&oacute;w Warsztatu. Po tych wyst\u0105pieniach przyszed\u0142 w ko\u0144cu czas na wsp&oacute;lne \u015bwi\u0119towanie, rozmowy, wspomnienia. Mamy nadziej\u0119, \u017ce wszyscy go\u015bcie dobrze bawili si\u0119 na naszych trzebi\u0144skich imieninach \u015aw. Brata Alberta. Zapraszamy ju\u017c za rok!<\/span><\/p>\n","protected":false},"excerpt":{"rendered":"<p>W dniu 19.06.2018r. odby\u0142 si\u0119 doroczny Dzie\u0144 Patrona Fundacji \u015aw. Brata Alberta. Nasze spotkanie rozpocz\u0119\u0142a uroczysta msza \u015bwi\u0119ta w Ko\u015bciele pw. \u015aw. Aposto\u0142&oacute;w Piotra i Paw\u0142a w Trzebini.<\/p>\n","protected":false},"author":1,"featured_media":0,"comment_status":"open","ping_status":"open","sticky":false,"template":"","format":"standard","meta":{"footnotes":""},"categories":[7],"tags":[],"class_list":["post-423","post","type-post","status-publish","format-standard","hentry","category-aktualnosci"],"_links":{"self":[{"href":"https:\/\/wtztrzebinia.pl\/index.php?rest_route=\/wp\/v2\/posts\/423","targetHints":{"allow":["GET"]}}],"collection":[{"href":"https:\/\/wtztrzebinia.pl\/index.php?rest_route=\/wp\/v2\/posts"}],"about":[{"href":"https:\/\/wtztrzebinia.pl\/index.php?rest_route=\/wp\/v2\/types\/post"}],"author":[{"embeddable":true,"href":"https:\/\/wtztrzebinia.pl\/index.php?rest_route=\/wp\/v2\/users\/1"}],"replies":[{"embeddable":true,"href":"https:\/\/wtztrzebinia.pl\/index.php?rest_route=%2Fwp%2Fv2%2Fcomments&post=423"}],"version-history":[{"count":0,"href":"https:\/\/wtztrzebinia.pl\/index.php?rest_route=\/wp\/v2\/posts\/423\/revisions"}],"wp:attachment":[{"href":"https:\/\/wtztrzebinia.pl\/index.php?rest_route=%2Fwp%2Fv2%2Fmedia&parent=423"}],"wp:term":[{"taxonomy":"category","embeddable":true,"href":"https:\/\/wtztrzebinia.pl\/index.php?rest_route=%2Fwp%2Fv2%2Fcategories&post=423"},{"taxonomy":"post_tag","embeddable":true,"href":"https:\/\/wtztrzebinia.pl\/index.php?rest_route=%2Fwp%2Fv2%2Ftags&post=423"}],"curies":[{"name":"wp","href":"https:\/\/api.w.org\/{rel}","templated":true}]}}