{"id":367,"date":"2017-06-02T09:47:16","date_gmt":"2017-06-02T09:47:16","guid":{"rendered":"https:\/\/wtztrzebinia.pl\/?p=367"},"modified":"2017-06-02T09:47:16","modified_gmt":"2017-06-02T09:47:16","slug":"kocham-krakow-z-wzajemnoscia-28-05-2017r","status":"publish","type":"post","link":"https:\/\/wtztrzebinia.pl\/?p=367","title":{"rendered":"\u201eKocham Krak\u00f3w z wzajemno\u015bci\u0105\u201d \u2013 28.05.2017r."},"content":{"rendered":"<p>Od wielu lat bierzemy aktywnie udzia\u0142 w obchodach Ma\u0142opolskich Dni Os&oacute;b Niepe\u0142nosprawnych &bdquo;Kocham Krak&oacute;w z wzajemno\u015bci\u0105&rdquo;.<br \/>\n<!--more--><br \/>\nTym razem, 30.05.2017r. wyst\u0105pili\u015bmy na scenie na Rynku G\u0142&oacute;wnym w Krakowie oraz wystawili\u015bmy nasze prace na kiermaszu. Jak co roku i tym razem spotkali\u015bmy naszych znajomych z WTZ-t&oacute;w z ca\u0142ego wojew&oacute;dztwa ma\u0142opolskiego. Przy okazji odwiedzili\u015bmy kilka krakowskich muze&oacute;w. Oj by\u0142o aktywnie, by\u0142o gor\u0105co i by\u0142o super. Dzi\u0119kujemy organizatorom za zaproszenie. Za rok te\u017c si\u0119 wybieramy!<\/p>\n","protected":false},"excerpt":{"rendered":"<p>Od wielu lat bierzemy aktywnie udzia\u0142 w obchodach Ma\u0142opolskich Dni Os&oacute;b Niepe\u0142nosprawnych &bdquo;Kocham Krak&oacute;w z wzajemno\u015bci\u0105&rdquo;.<\/p>\n","protected":false},"author":1,"featured_media":0,"comment_status":"open","ping_status":"open","sticky":false,"template":"","format":"standard","meta":{"footnotes":""},"categories":[7],"tags":[],"class_list":["post-367","post","type-post","status-publish","format-standard","hentry","category-aktualnosci"],"_links":{"self":[{"href":"https:\/\/wtztrzebinia.pl\/index.php?rest_route=\/wp\/v2\/posts\/367","targetHints":{"allow":["GET"]}}],"collection":[{"href":"https:\/\/wtztrzebinia.pl\/index.php?rest_route=\/wp\/v2\/posts"}],"about":[{"href":"https:\/\/wtztrzebinia.pl\/index.php?rest_route=\/wp\/v2\/types\/post"}],"author":[{"embeddable":true,"href":"https:\/\/wtztrzebinia.pl\/index.php?rest_route=\/wp\/v2\/users\/1"}],"replies":[{"embeddable":true,"href":"https:\/\/wtztrzebinia.pl\/index.php?rest_route=%2Fwp%2Fv2%2Fcomments&post=367"}],"version-history":[{"count":0,"href":"https:\/\/wtztrzebinia.pl\/index.php?rest_route=\/wp\/v2\/posts\/367\/revisions"}],"wp:attachment":[{"href":"https:\/\/wtztrzebinia.pl\/index.php?rest_route=%2Fwp%2Fv2%2Fmedia&parent=367"}],"wp:term":[{"taxonomy":"category","embeddable":true,"href":"https:\/\/wtztrzebinia.pl\/index.php?rest_route=%2Fwp%2Fv2%2Fcategories&post=367"},{"taxonomy":"post_tag","embeddable":true,"href":"https:\/\/wtztrzebinia.pl\/index.php?rest_route=%2Fwp%2Fv2%2Ftags&post=367"}],"curies":[{"name":"wp","href":"https:\/\/api.w.org\/{rel}","templated":true}]}}