{"id":366,"date":"2017-06-02T09:46:39","date_gmt":"2017-06-02T09:46:39","guid":{"rendered":"https:\/\/wtztrzebinia.pl\/?p=366"},"modified":"2017-06-02T09:46:39","modified_gmt":"2017-06-02T09:46:39","slug":"festyn-dzieci-mamy-mamy-dzieci-28-05-2017r","status":"publish","type":"post","link":"https:\/\/wtztrzebinia.pl\/?p=366","title":{"rendered":"Festyn \u201eDzieci mamy \u2013 mamy dzieci\u201d \u2013 28.05.2017r."},"content":{"rendered":"<p><span style=\"font-size: 11pt; font-family: 'Calibri','sans-serif';\">Jak co roku i tym razem nieopodal naszych Warsztat&oacute;w odby\u0142 si\u0119 doroczny festyn z okazji Dnia Matki i Dziecka.<br \/>\n<!--more--><br \/>\nW tym roku by\u0142 on bardzo uroczysty poniewa\u017c towarzyszy\u0142 mu przemarsz r&oacute;\u017cnych smok&oacute;w. Zwykle mieli\u015bmy okazj\u0119 wyst\u0105pi\u0107 na scenie przed liczn\u0105 publiczno\u015bci\u0105. Opr&oacute;cz tego zorganizowali\u015bmy kiermasz naszych prac. Na koniec by\u0142 wyst\u0119p gwiazdy wieczoru. Tym razem us\u0142yszeli\u015bmy najwi\u0119ksze przeboje Czerwonych Gitar. Dobra zabawa by\u0142a wi\u0119c gwarantowana. W galerii mo\u017cna obejrze\u0107 fotorelacj\u0119 z wydarzenia. <\/span><\/p>\n","protected":false},"excerpt":{"rendered":"<p>Jak co roku i tym razem nieopodal naszych Warsztat&oacute;w odby\u0142 si\u0119 doroczny festyn z okazji Dnia Matki i Dziecka.<\/p>\n","protected":false},"author":1,"featured_media":0,"comment_status":"open","ping_status":"open","sticky":false,"template":"","format":"standard","meta":{"footnotes":""},"categories":[7],"tags":[],"class_list":["post-366","post","type-post","status-publish","format-standard","hentry","category-aktualnosci"],"_links":{"self":[{"href":"https:\/\/wtztrzebinia.pl\/index.php?rest_route=\/wp\/v2\/posts\/366","targetHints":{"allow":["GET"]}}],"collection":[{"href":"https:\/\/wtztrzebinia.pl\/index.php?rest_route=\/wp\/v2\/posts"}],"about":[{"href":"https:\/\/wtztrzebinia.pl\/index.php?rest_route=\/wp\/v2\/types\/post"}],"author":[{"embeddable":true,"href":"https:\/\/wtztrzebinia.pl\/index.php?rest_route=\/wp\/v2\/users\/1"}],"replies":[{"embeddable":true,"href":"https:\/\/wtztrzebinia.pl\/index.php?rest_route=%2Fwp%2Fv2%2Fcomments&post=366"}],"version-history":[{"count":0,"href":"https:\/\/wtztrzebinia.pl\/index.php?rest_route=\/wp\/v2\/posts\/366\/revisions"}],"wp:attachment":[{"href":"https:\/\/wtztrzebinia.pl\/index.php?rest_route=%2Fwp%2Fv2%2Fmedia&parent=366"}],"wp:term":[{"taxonomy":"category","embeddable":true,"href":"https:\/\/wtztrzebinia.pl\/index.php?rest_route=%2Fwp%2Fv2%2Fcategories&post=366"},{"taxonomy":"post_tag","embeddable":true,"href":"https:\/\/wtztrzebinia.pl\/index.php?rest_route=%2Fwp%2Fv2%2Ftags&post=366"}],"curies":[{"name":"wp","href":"https:\/\/api.w.org\/{rel}","templated":true}]}}