{"id":365,"date":"2017-05-24T14:05:53","date_gmt":"2017-05-24T14:05:53","guid":{"rendered":"https:\/\/wtztrzebinia.pl\/?p=365"},"modified":"2017-05-24T14:05:53","modified_gmt":"2017-05-24T14:05:53","slug":"xiv-ogolnopolski-integracyjny-piknik-muzyczny-w-trzebini-24-05-2017r","status":"publish","type":"post","link":"https:\/\/wtztrzebinia.pl\/?p=365","title":{"rendered":"XIV Og\u00f3lnopolski Integracyjny Piknik Muzyczny w Trzebini \u2013 24.05.2017r."},"content":{"rendered":"<p style=\"margin-top: 0cm; margin-right: 0cm; margin-bottom: 0.0001pt;\">Tradycyjnie ju\u017c&hellip;w strugach deszczu odby\u0142 si\u0119 dzisiaj XIV Og&oacute;lnopolski Piknik Muzyczny Os&oacute;b Niepe\u0142nosprawnych w Trzebini.<br \/>\n<!--more--><br \/>\nGospodarzami spotkania by\u0142y nasze trzebi\u0144skie plac&oacute;wki Fundacji im. Brata Alberta; Warsztat Terapii Zaj\u0119ciowej i \u015awietlica Terapeutyczna. Mimo niesprzyjaj\u0105cej pogody w spotkaniu wzi\u0119\u0142o udzia\u0142 21 zespo\u0142&oacute;w i solist&oacute;w. Uroczystego otwarcia Pikniku dokonali&nbsp; Janusz Szcz\u0119\u015bniak &ndash; Starosta Chrzanowski oraz Jaros\u0142aw Okoczuk &ndash; Wiceburmistrz Trzebini. jak zwykle na pocz\u0105tku, przed zmaganiami konkursowymi wyst\u0105pili gospodarze, czyli zesp&oacute;\u0142 &bdquo;The Best&rdquo; z solistami Rafa\u0142em Korczy\u0144skim i Tomaszem Tekielakiem. W dalszej kolejno\u015bci nie zwa\u017caj\u0105c na deszcz, ch\u0142&oacute;d i wiatr dzielnie na scenie prezentowa\u0142y si\u0119 nast\u0119puj\u0105ce o\u015brodki; &bdquo;&Oacute;semeczki&rdquo; z Zespo\u0142u Szk&oacute;\u0142 w Trzebini, &bdquo;Alberty&rdquo; z WTZ Fundacji im. Brata Alberta w Sosnowcu; &bdquo;Przebudzeni&rdquo; z WTZ Stowarzyszenia Otwartych Serc Aktywnych Kobiet w Olkuszu; &bdquo;Otwarte serca&rdquo; z WTZ w \u0141apanowie, &bdquo;Forest Boys&rdquo; z WTZ Fundacji im. Brata Alberta w Przeciszowie, Zesp&oacute;\u0142 Arabeska z Ra\u0142a\u0142em Sak z WTZ w Ko\u0144skich, &bdquo;Weso\u0142a kapela&rdquo; z WTZ Fundacji im. Brata Alberta w Libi\u0105\u017cu; &bdquo;Pere\u0142ki&rdquo; z WTZ Fundacji im. Brata Alberta w Chrzanowie; &bdquo;Talarki&rdquo; ze \u015awietlicy Terapeutycznej Fundacji im. Brata Alberta w Trzebini; Kamil Buratowski z WTZ przy Stowarzyszeniu Pomocy Socjalnej &bdquo;Gaudium Et Spes&rdquo; w Krakowie, &bdquo;Iskra&rdquo; z Powiatowego Domu Pomocy Spo\u0142ecznej w P\u0142azie, &bdquo;Iskierki&rdquo; ze Szko\u0142y Przysposabiaj\u0105cej do Pracy w SOSW w Chrzanowie, Katarzyna Dworniczek z WTZ Fundacji im. Brata Alberta w Che\u0142mku, &bdquo;\u015awierszcze&rdquo; z Gimnazjum przy SOSW w Chrzanowie, Ma\u0142gorzata Bogdan z \u015aDS Fundacji im. Brata Alberta w Radwanowicach, &bdquo;S\u0142oneczne nutki&rdquo; z SOSW dla Dzieci Niewidomych i S\u0142abowidz\u0105cych w&nbsp;Rabce &ndash;Zdr&oacute;j, &bdquo;Lejdis&rdquo; z WTZ Fundacji im. Brata Alberta w Jawiszowicach; Bart\u0142omiej M\u0105drzyk ze \u015awietlicy Terapeutycznej w Che\u0142mku; Sylwia \u0141ydek ze \u015awietlicy Terapeutycznej w Chrzanowie; Karol Kad\u0142ubek z WTZ Stowarzyszenia &bdquo;Emaus&rdquo; w Krakowie.<\/p>\n<p style=\"margin-top: 0cm; margin-right: 0cm; margin-bottom: 0.0001pt;\">W tym roku w piknikowym jury zasiadali; Siostra Renata Pilarska, dh hm Iwona Kucharska Tradycyjnie jury przyzna\u0142o trzy wyr&oacute;\u017cnienia;<\/p>\n<p style=\"margin: 0cm 0cm 0.0001pt 30px; text-indent: -18pt;\">&#8211;<span style=\"font-size: 7pt;\">&nbsp;&nbsp;&nbsp;&nbsp;&nbsp;&nbsp;&nbsp;<\/span>w kategorii zespo\u0142&oacute;w tanecznych &#8211; dla zespo\u0142u &bdquo;Iskierki ze Szko\u0142y Przysposabiaj\u0105cej do Pracy w SOSW w Chrzanowie&rdquo;<\/p>\n<p style=\"margin: 0cm 0cm 0.0001pt 30px; text-indent: -18pt;\">&#8211;<span style=\"font-size: 7pt;\">&nbsp;&nbsp;&nbsp;&nbsp;&nbsp;&nbsp;&nbsp; <\/span>w kategorii solist&oacute;w &ndash; Solista z zespo\u0142u &bdquo;Przebudzeni&rdquo; z WTZ w Olkuszu<\/p>\n<p style=\"margin: 0cm 0cm 0.0001pt 30px; text-indent: -18pt;\">&#8211;<span style=\"font-size: 7pt;\">&nbsp;&nbsp;&nbsp;&nbsp;&nbsp;&nbsp;&nbsp; <\/span>w kategorii zespo\u0142&oacute;w wokalnych &#8211; dla zespo\u0142u &bdquo;\u015awierszcze&rdquo; z Gimnazjum w SOSW w Chrzanowie.<\/p>\n<p style=\"margin-top: 0cm; margin-right: 0cm; margin-bottom: 0.0001pt;\">W przerwie na obrady jury wyst\u0105pili wszyscy kt&oacute;rzy chcieli, a kolejka na scen\u0119 by\u0142a imponuj\u0105ca. Po przerwie za\u015b nast\u0105pi\u0142o uroczyste wr\u0119czenie nagr&oacute;d i upomink&oacute;w oraz gad\u017cet&oacute;w promocyjnych Powiatu Chrzanowskiego i Gminy Trzebinia, kt&oacute;rego dokona\u0142 Prezes Fundacji im. Brata Alberta ks. Tadeusz Isakowicz-Zaleski. Tradycyjnie ju\u017c do nagr&oacute;d do\u0142\u0105czone by\u0142y okoliczno\u015bciowe statuetki wykonane w pracowniach warsztatowych w WTZ w Trzebini. W tym roku nasz Pikniku dofinansowany zosta\u0142 ze \u015brodk&oacute;w; Pa\u0144stwowego Funduszu Rehabilitacji Os&oacute;b Niepe\u0142nosprawnych, Powiatu Chrzanowskiego oraz Komendy Hufca ZHP w Trzebini. Po raz kolejny wsparli nas tak\u017ce nasi niezawodni przyjaciele; lokalni przedsi\u0119biorcy, rodzice naszych podopiecznych oraz wolontariusze. Nasze czternaste ju\u017c piknikowe spotkanie utwierdzi\u0142o nas w przekonaniu, \u017ce prawdziwym artystom \u017cadna pogoda niestraszna. Nawet m\u017cawka, deszcz i przenikliwy ch\u0142&oacute;d nie przeszkadzaj\u0105 dobrej zabawie. Dzi\u0119kujemy zatem wszystkim uczestnikom, \u017ce wytrwali dzielnie do ko\u0144ca spotkania, za mi\u0142e prze\u017cycia i zapraszamy za rok, mamy nadziej\u0119, \u017ce w pi\u0119kny s\u0142oneczny dzie\u0144!<\/p>\n","protected":false},"excerpt":{"rendered":"<p>Tradycyjnie ju\u017c&hellip;w strugach deszczu odby\u0142 si\u0119 dzisiaj XIV Og&oacute;lnopolski Piknik Muzyczny Os&oacute;b Niepe\u0142nosprawnych w Trzebini.<\/p>\n","protected":false},"author":1,"featured_media":0,"comment_status":"open","ping_status":"open","sticky":false,"template":"","format":"standard","meta":{"footnotes":""},"categories":[7],"tags":[],"class_list":["post-365","post","type-post","status-publish","format-standard","hentry","category-aktualnosci"],"_links":{"self":[{"href":"https:\/\/wtztrzebinia.pl\/index.php?rest_route=\/wp\/v2\/posts\/365","targetHints":{"allow":["GET"]}}],"collection":[{"href":"https:\/\/wtztrzebinia.pl\/index.php?rest_route=\/wp\/v2\/posts"}],"about":[{"href":"https:\/\/wtztrzebinia.pl\/index.php?rest_route=\/wp\/v2\/types\/post"}],"author":[{"embeddable":true,"href":"https:\/\/wtztrzebinia.pl\/index.php?rest_route=\/wp\/v2\/users\/1"}],"replies":[{"embeddable":true,"href":"https:\/\/wtztrzebinia.pl\/index.php?rest_route=%2Fwp%2Fv2%2Fcomments&post=365"}],"version-history":[{"count":0,"href":"https:\/\/wtztrzebinia.pl\/index.php?rest_route=\/wp\/v2\/posts\/365\/revisions"}],"wp:attachment":[{"href":"https:\/\/wtztrzebinia.pl\/index.php?rest_route=%2Fwp%2Fv2%2Fmedia&parent=365"}],"wp:term":[{"taxonomy":"category","embeddable":true,"href":"https:\/\/wtztrzebinia.pl\/index.php?rest_route=%2Fwp%2Fv2%2Fcategories&post=365"},{"taxonomy":"post_tag","embeddable":true,"href":"https:\/\/wtztrzebinia.pl\/index.php?rest_route=%2Fwp%2Fv2%2Ftags&post=365"}],"curies":[{"name":"wp","href":"https:\/\/api.w.org\/{rel}","templated":true}]}}