{"id":364,"date":"2017-05-23T08:02:24","date_gmt":"2017-05-23T08:02:24","guid":{"rendered":"https:\/\/wtztrzebinia.pl\/?p=364"},"modified":"2017-05-23T08:02:24","modified_gmt":"2017-05-23T08:02:24","slug":"xxv-ogolnopolska-pielgrzymka-fundacji-im-brata-alberta-18-05-2017r","status":"publish","type":"post","link":"https:\/\/wtztrzebinia.pl\/?p=364","title":{"rendered":"XXV Og\u00f3lnopolska Pielgrzymka Fundacji im. Brata Alberta \u2013 18.05.2017r."},"content":{"rendered":"<p>Nasza doroczna fundacyjna Pielgrzymka, tym razem odby\u0142a si\u0119 w wyj\u0105tkowym miejscu i czasie.<br \/>\n<!--more--><br \/>\nW dniu 18.05.2017r. z&nbsp;okazji 30-lecia istnienia Fundacji im. Brata Alberta oraz w dniu 97. rocznicy urodzin Papie\u017ca Polaka, pojechali\u015bmy na krakowskie &ndash; \u0142agiewnickie Bia\u0142e Morza. Podczas uroczystej mszy \u015bwi\u0119tej, kt&oacute;rej przewodniczy\u0142 Abp Marek J\u0119draszewski &nbsp;dzi\u0119kowali\u015bmy za dar \u015bw. Brata Alberta, za za\u0142o\u017cycieli naszej Fundacji oraz modlili\u015bmy si\u0119 o \u0142aski dla naszych podopiecznych, pracownik&oacute;w, wolontariuszy na kolejne lata. W galerii mo\u017cna obejrze\u0107 nasz\u0105 relacj\u0119 fotograficzn\u0105.<\/p>\n","protected":false},"excerpt":{"rendered":"<p>Nasza doroczna fundacyjna Pielgrzymka, tym razem odby\u0142a si\u0119 w wyj\u0105tkowym miejscu i czasie.<\/p>\n","protected":false},"author":1,"featured_media":0,"comment_status":"open","ping_status":"open","sticky":false,"template":"","format":"standard","meta":{"footnotes":""},"categories":[7],"tags":[],"class_list":["post-364","post","type-post","status-publish","format-standard","hentry","category-aktualnosci"],"_links":{"self":[{"href":"https:\/\/wtztrzebinia.pl\/index.php?rest_route=\/wp\/v2\/posts\/364","targetHints":{"allow":["GET"]}}],"collection":[{"href":"https:\/\/wtztrzebinia.pl\/index.php?rest_route=\/wp\/v2\/posts"}],"about":[{"href":"https:\/\/wtztrzebinia.pl\/index.php?rest_route=\/wp\/v2\/types\/post"}],"author":[{"embeddable":true,"href":"https:\/\/wtztrzebinia.pl\/index.php?rest_route=\/wp\/v2\/users\/1"}],"replies":[{"embeddable":true,"href":"https:\/\/wtztrzebinia.pl\/index.php?rest_route=%2Fwp%2Fv2%2Fcomments&post=364"}],"version-history":[{"count":0,"href":"https:\/\/wtztrzebinia.pl\/index.php?rest_route=\/wp\/v2\/posts\/364\/revisions"}],"wp:attachment":[{"href":"https:\/\/wtztrzebinia.pl\/index.php?rest_route=%2Fwp%2Fv2%2Fmedia&parent=364"}],"wp:term":[{"taxonomy":"category","embeddable":true,"href":"https:\/\/wtztrzebinia.pl\/index.php?rest_route=%2Fwp%2Fv2%2Fcategories&post=364"},{"taxonomy":"post_tag","embeddable":true,"href":"https:\/\/wtztrzebinia.pl\/index.php?rest_route=%2Fwp%2Fv2%2Ftags&post=364"}],"curies":[{"name":"wp","href":"https:\/\/api.w.org\/{rel}","templated":true}]}}