{"id":359,"date":"2017-04-19T10:31:07","date_gmt":"2017-04-19T10:31:07","guid":{"rendered":"https:\/\/wtztrzebinia.pl\/?p=359"},"modified":"2017-04-19T10:31:07","modified_gmt":"2017-04-19T10:31:07","slug":"spotkanie-wielkanocne-w-trzebini-19-04-2017","status":"publish","type":"post","link":"https:\/\/wtztrzebinia.pl\/?p=359","title":{"rendered":"Spotkanie Wielkanocne w Trzebini \u2013 19.04.2017"},"content":{"rendered":"<p style=\"margin-top: 0cm; margin-right: 0cm; margin-bottom: 0.0001pt;\"><span style=\"font-size: 11pt; font-family: 'Calibri','sans-serif';\">W dniu 19 kwietnia 2017r. o godzinie 10.00 odby\u0142o si\u0119 w naszych trzebi\u0144skich plac&oacute;wkach tradycyjne uroczyste Spotkanie Wielkanocne.<br \/>\n<!--more--><br \/>\nSpotkanie to rozpocz\u0119\u0142o si\u0119 od okoliczno\u015bciowego wyst\u0119pu uczestnik&oacute;w Warsztatu, po kt&oacute;rym Ksi\u0105dz Dziekan Stanis\u0142aw Krzysik poprowadzi\u0142 wsp&oacute;ln\u0105 modlitw\u0119. Po tej oficjalnej cz\u0119\u015bci rozpocz\u0119li\u015bmy mniej oficjalne, ale uroczyste wsp&oacute;lne \u015bwi\u0119towanie. Jak zwykle tak\u017ce dopisali nasi sprawdzeni i niezawodni go\u015bcie; przedstawiciele w\u0142adz samorz\u0105dowych, przedstawiciele wsp&oacute;\u0142pracuj\u0105cych z nami urz\u0119d&oacute;w i instytucji oraz harcerze i wolontariusze, rodzice i opiekunowie naszych podopiecznych. Dzi\u0119kujemy wszystkim za mile sp\u0119dzony czas, dobre s\u0142owa i nieustaj\u0105ce wsparcie.&nbsp; Zdj\u0119cia ze spotkania mo\u017cna obejrze\u0107 w galerii.<\/span><\/p>\n","protected":false},"excerpt":{"rendered":"<p>W dniu 19 kwietnia 2017r. o godzinie 10.00 odby\u0142o si\u0119 w naszych trzebi\u0144skich plac&oacute;wkach tradycyjne uroczyste Spotkanie Wielkanocne.<\/p>\n","protected":false},"author":1,"featured_media":0,"comment_status":"open","ping_status":"open","sticky":false,"template":"","format":"standard","meta":{"footnotes":""},"categories":[7],"tags":[],"class_list":["post-359","post","type-post","status-publish","format-standard","hentry","category-aktualnosci"],"_links":{"self":[{"href":"https:\/\/wtztrzebinia.pl\/index.php?rest_route=\/wp\/v2\/posts\/359","targetHints":{"allow":["GET"]}}],"collection":[{"href":"https:\/\/wtztrzebinia.pl\/index.php?rest_route=\/wp\/v2\/posts"}],"about":[{"href":"https:\/\/wtztrzebinia.pl\/index.php?rest_route=\/wp\/v2\/types\/post"}],"author":[{"embeddable":true,"href":"https:\/\/wtztrzebinia.pl\/index.php?rest_route=\/wp\/v2\/users\/1"}],"replies":[{"embeddable":true,"href":"https:\/\/wtztrzebinia.pl\/index.php?rest_route=%2Fwp%2Fv2%2Fcomments&post=359"}],"version-history":[{"count":0,"href":"https:\/\/wtztrzebinia.pl\/index.php?rest_route=\/wp\/v2\/posts\/359\/revisions"}],"wp:attachment":[{"href":"https:\/\/wtztrzebinia.pl\/index.php?rest_route=%2Fwp%2Fv2%2Fmedia&parent=359"}],"wp:term":[{"taxonomy":"category","embeddable":true,"href":"https:\/\/wtztrzebinia.pl\/index.php?rest_route=%2Fwp%2Fv2%2Fcategories&post=359"},{"taxonomy":"post_tag","embeddable":true,"href":"https:\/\/wtztrzebinia.pl\/index.php?rest_route=%2Fwp%2Fv2%2Ftags&post=359"}],"curies":[{"name":"wp","href":"https:\/\/api.w.org\/{rel}","templated":true}]}}