{"id":355,"date":"2017-02-16T08:03:52","date_gmt":"2017-02-16T08:03:52","guid":{"rendered":"https:\/\/wtztrzebinia.pl\/?p=355"},"modified":"2017-02-16T08:03:52","modified_gmt":"2017-02-16T08:03:52","slug":"albertiana-2017-chrzanow-15-02-2017","status":"publish","type":"post","link":"https:\/\/wtztrzebinia.pl\/?p=355","title":{"rendered":"ALBERTIANA 2017 &#8211; Chrzan\u00f3w &#8211; 15.02.2017"},"content":{"rendered":"<p style=\"margin-bottom: 0.0001pt; line-height: 150%;\">Na scenie Miejskiego O\u015brodka Sportu i Rekreacji w Chrzanowie 15.02.17 odby\u0142y si\u0119 eliminacje regionalne dla Polski po\u0142udniowej do XVII Og&oacute;lnopolskiego Festiwalu Tw&oacute;rczo\u015bci Teatralno-Muzycznej Os&oacute;b Niepe\u0142nosprawnych Intelektualnie ALBERTIANA 2017.<\/p>\n<p><!--more--><\/p>\n<p style=\"margin-bottom: 0.0001pt; line-height: 150%;\">&nbsp;<\/p>\n<p style=\"margin-bottom: 0.0001pt; line-height: 150%;\">W tym etapie przegl\u0105du wyst\u0105pi\u0142o 10 zespo\u0142&oacute;w teatralnych i 3 solist&oacute;w z Ma\u0142opolski, \u015al\u0105ska i wojew&oacute;dztwa opolskiego. Jury w sk\u0142adzie; Ma\u0142gorzata Godek &ndash;W&oacute;jcik, Ma\u0142gorzata Liszka i Wojciech Czarnota wy\u0142oni\u0142o finalist&oacute;w, kt&oacute;rzy 13 marca b.r. wyst\u0105pi\u0105 na deskach Teatru im. S\u0142owackiego w Krakowie, podczas gali Festiwalu &bdquo;Albertiana&rdquo;. Byli to;<\/p>\n<p style=\"margin-bottom: 0.0001pt; line-height: 150%;\"><strong>I miejsce:<\/strong> zesp&oacute;\u0142 teatralny &bdquo;ITAKA i owaka&rdquo; ze Specjalnego O\u015brodek Szkolno &ndash; wychowawczego nr 4 i Staromiejskiego Centrum Kultury M\u0142odzie\u017cy z Krakowa z przedstawieniem &bdquo;Koszula szcz\u0119\u015bcia&rdquo;<\/p>\n<p style=\"margin-bottom: 0.0001pt; text-align: justify; line-height: 150%;\"><strong>I miejsce solista<\/strong>; Katarzyna Dworniczek z Warsztatu Terapii Zaj\u0119ciowej Fundacji im. Brata Alberta w Che\u0142mku z piosenk\u0105 &bdquo;By\u0107 kobiet\u0105&rdquo;<\/p>\n<p style=\"margin-bottom: 0.0001pt; line-height: 150%;\">Pozosta\u0142e wyr&oacute;\u017cnione zespo\u0142y zostan\u0105 zaproszone na widowni\u0119 fina\u0142u &bdquo;Albertiany&rdquo; do Krakowa, a by\u0142y to zesp&oacute;\u0142 teatralny &bdquo;\u015awietliki&rdquo; z Warsztatu Terapii Zaj\u0119ciowej Stowarzyszenia Pomocy Socjalnej &bdquo;Gaudium et Spes&rdquo; w Krakowie oraz zesp&oacute;\u0142 &bdquo;Dzieci kwiaty&rdquo; z O\u015brodka Rehabilitacyjno- Edukacyjno-Wychowawczego Polskiego Stowarzyszenia na rzecz os&oacute;b z niepe\u0142nosprawno\u015bci\u0105 intelektualn\u0105 w Wolbromiu.<\/p>\n<p style=\"margin-bottom: 0.0001pt; line-height: 150%;\">Wszyscy arty\u015bci, kt&oacute;rzy wzi\u0119li udzia\u0142 w II etapie eliminacji w Chrzanowie otrzymali pami\u0105tkowe statuetki wykonane w Warsztatach Terapii Zaj\u0119ciowej w Trzebini oraz s\u0142odkie upominki.<\/p>\n<p style=\"margin-bottom: 0.0001pt; line-height: 150%;\">Organizatorem tegorocznych eliminacji w Chrzanowie by\u0142y; Warsztat Terapii Zaj\u0119ciowej i \u015awietlica Terapeutyczna Fundacji im. Brata Alberta w Trzebini, a dzielnie i aktywnie wspierali organizator&oacute;w wolontariusze z Zespo\u0142u Szk&oacute;\u0142 Techniczno-Us\u0142ugowych w Trzebini pod kierunkiem s. Renaty Pilarskiej oraz harcerze z Hufca ZHP w Trzebini.<\/p>\n","protected":false},"excerpt":{"rendered":"<p>Na scenie Miejskiego O\u015brodka Sportu i Rekreacji w Chrzanowie 15.02.17 odby\u0142y si\u0119 eliminacje regionalne dla Polski po\u0142udniowej do XVII Og&oacute;lnopolskiego Festiwalu Tw&oacute;rczo\u015bci Teatralno-Muzycznej Os&oacute;b Niepe\u0142nosprawnych Intelektualnie ALBERTIANA 2017.<\/p>\n","protected":false},"author":1,"featured_media":0,"comment_status":"open","ping_status":"open","sticky":false,"template":"","format":"standard","meta":{"footnotes":""},"categories":[7],"tags":[],"class_list":["post-355","post","type-post","status-publish","format-standard","hentry","category-aktualnosci"],"_links":{"self":[{"href":"https:\/\/wtztrzebinia.pl\/index.php?rest_route=\/wp\/v2\/posts\/355","targetHints":{"allow":["GET"]}}],"collection":[{"href":"https:\/\/wtztrzebinia.pl\/index.php?rest_route=\/wp\/v2\/posts"}],"about":[{"href":"https:\/\/wtztrzebinia.pl\/index.php?rest_route=\/wp\/v2\/types\/post"}],"author":[{"embeddable":true,"href":"https:\/\/wtztrzebinia.pl\/index.php?rest_route=\/wp\/v2\/users\/1"}],"replies":[{"embeddable":true,"href":"https:\/\/wtztrzebinia.pl\/index.php?rest_route=%2Fwp%2Fv2%2Fcomments&post=355"}],"version-history":[{"count":0,"href":"https:\/\/wtztrzebinia.pl\/index.php?rest_route=\/wp\/v2\/posts\/355\/revisions"}],"wp:attachment":[{"href":"https:\/\/wtztrzebinia.pl\/index.php?rest_route=%2Fwp%2Fv2%2Fmedia&parent=355"}],"wp:term":[{"taxonomy":"category","embeddable":true,"href":"https:\/\/wtztrzebinia.pl\/index.php?rest_route=%2Fwp%2Fv2%2Fcategories&post=355"},{"taxonomy":"post_tag","embeddable":true,"href":"https:\/\/wtztrzebinia.pl\/index.php?rest_route=%2Fwp%2Fv2%2Ftags&post=355"}],"curies":[{"name":"wp","href":"https:\/\/api.w.org\/{rel}","templated":true}]}}