{"id":292,"date":"2016-04-26T08:42:42","date_gmt":"2016-04-26T08:42:42","guid":{"rendered":"https:\/\/wtztrzebinia.pl\/?p=292"},"modified":"2016-04-26T08:42:42","modified_gmt":"2016-04-26T08:42:42","slug":"arlekiny-25-04-2016r","status":"publish","type":"post","link":"https:\/\/wtztrzebinia.pl\/?p=292","title":{"rendered":"Arlekiny \u2013 25.04.2016r."},"content":{"rendered":"<p style=\"margin-bottom: 0.0001pt; text-align: justify; line-height: normal;\"><span>W poniedzia\u0142ek 25 kwietnia br. wzi\u0119li\u015bmy udzia\u0142 w Przegl\u0105dzie Artystycznym Os\u00f3b Niepe\u0142nosprawnych \u201eArlekiny 2016\u201d.&nbsp; Przegl\u0105d odbywa\u0142 si\u0119 na scenie O\u015bwi\u0119cimskiego Centrum Kultury.<\/span><\/p>\n<p><!--more--><\/p>\n<p style=\"margin-bottom: 0.0001pt; text-align: justify; line-height: normal;\">&nbsp;<\/p>\n<p style=\"margin-bottom: 0.0001pt; text-align: justify; line-height: normal;\"><span>Warsztaty reprezentowa\u0142 zesp\u00f3\u0142 \u201eRytmiczni\u201d, kt\u00f3ry przygotowa\u0142 prezentacj\u0119 \u201eKlask i tup\u201d, a \u015awietlica z zespo\u0142em \u201eTalarki\u201d zaprezentowa\u0142a uk\u0142ad ruchowy i piosenk\u0119 \u201eOna czuje we mnie pini\u0105dz\u201d zespo\u0142u \u0141obuzy. Opr\u00f3cz nas na o\u015bwi\u0119cimskiej scenie wyst\u0105pi\u0142o kilkana\u015bcie zespo\u0142\u00f3w teatralnych i solist\u00f3w. Za nasz artystyczny wysi\u0142ek zostali\u015bmy nagrodzeni statuetkami Arlekina oraz drobnymi upominkami. Czujemy si\u0119 szcz\u0119\u015bliwi i zadowoleni. Posz\u0142o nam ca\u0142kiem, ca\u0142kiem\u2026! Dzi\u0119kujemy za zaproszenie do O\u015bwi\u0119cimia!<\/span><\/p>\n","protected":false},"excerpt":{"rendered":"<p>W poniedzia\u0142ek 25 kwietnia br. wzi\u0119li\u015bmy udzia\u0142 w Przegl\u0105dzie Artystycznym Os\u00f3b Niepe\u0142nosprawnych \u201eArlekiny 2016\u201d.&nbsp; Przegl\u0105d odbywa\u0142 si\u0119 na scenie O\u015bwi\u0119cimskiego Centrum Kultury.<\/p>\n","protected":false},"author":1,"featured_media":0,"comment_status":"open","ping_status":"open","sticky":false,"template":"","format":"standard","meta":{"footnotes":""},"categories":[7],"tags":[],"class_list":["post-292","post","type-post","status-publish","format-standard","hentry","category-aktualnosci"],"_links":{"self":[{"href":"https:\/\/wtztrzebinia.pl\/index.php?rest_route=\/wp\/v2\/posts\/292","targetHints":{"allow":["GET"]}}],"collection":[{"href":"https:\/\/wtztrzebinia.pl\/index.php?rest_route=\/wp\/v2\/posts"}],"about":[{"href":"https:\/\/wtztrzebinia.pl\/index.php?rest_route=\/wp\/v2\/types\/post"}],"author":[{"embeddable":true,"href":"https:\/\/wtztrzebinia.pl\/index.php?rest_route=\/wp\/v2\/users\/1"}],"replies":[{"embeddable":true,"href":"https:\/\/wtztrzebinia.pl\/index.php?rest_route=%2Fwp%2Fv2%2Fcomments&post=292"}],"version-history":[{"count":0,"href":"https:\/\/wtztrzebinia.pl\/index.php?rest_route=\/wp\/v2\/posts\/292\/revisions"}],"wp:attachment":[{"href":"https:\/\/wtztrzebinia.pl\/index.php?rest_route=%2Fwp%2Fv2%2Fmedia&parent=292"}],"wp:term":[{"taxonomy":"category","embeddable":true,"href":"https:\/\/wtztrzebinia.pl\/index.php?rest_route=%2Fwp%2Fv2%2Fcategories&post=292"},{"taxonomy":"post_tag","embeddable":true,"href":"https:\/\/wtztrzebinia.pl\/index.php?rest_route=%2Fwp%2Fv2%2Ftags&post=292"}],"curies":[{"name":"wp","href":"https:\/\/api.w.org\/{rel}","templated":true}]}}