{"id":284,"date":"2016-03-10T13:04:52","date_gmt":"2016-03-10T13:04:52","guid":{"rendered":"https:\/\/wtztrzebinia.pl\/?p=284"},"modified":"2016-03-10T13:04:52","modified_gmt":"2016-03-10T13:04:52","slug":"uwolnij-1-trzebinia-09-03-2016r","status":"publish","type":"post","link":"https:\/\/wtztrzebinia.pl\/?p=284","title":{"rendered":"Uwolnij 1% &#8211; Trzebinia \u2013 09.03.2016r."},"content":{"rendered":"<p style=\"margin-bottom: 0.0001pt; line-height: normal;\"><span>Wczoraj, 09.03.16r., rozpocz\u0119li\u015bmy nasz\u0105 doroczn\u0105 akcj\u0119 \u201eUwolnij 1%\u201d.<\/span><\/p>\n<p><!--more--><\/p>\n<p style=\"margin-bottom: 0.0001pt; line-height: normal;\"><span>Jak zwykle ruszyli\u015bmy, z naszymi podopiecznymi na trzebi\u0144skie ulice, roznosz\u0105c ulotki z pro\u015bb\u0105 o wsparcie odpisem 1 % podatku na naszych plac\u00f3wek. Spaceruj\u0105c po centrum Trzebini spotkali\u015bmy si\u0119 z \u017cyczliwo\u015bci\u0105 i sympati\u0105 mieszka\u0144c\u00f3w. Mamy wi\u0119c nadziej\u0119, \u017ce i tym razem nas nie zawiod\u0105 i przeka\u017c\u0105 sw\u00f3j podatek na nasz\u0105 dzia\u0142alno\u015b\u0107. Kto nas wczoraj nie spotka\u0142 niech si\u0119 nie martwi. Do zobaczenia po raz kolejny ju\u017c wkr\u00f3tce.<\/span><\/p>\n","protected":false},"excerpt":{"rendered":"<p>Wczoraj, 09.03.16r., rozpocz\u0119li\u015bmy nasz\u0105 doroczn\u0105 akcj\u0119 \u201eUwolnij 1%\u201d.<\/p>\n","protected":false},"author":1,"featured_media":0,"comment_status":"open","ping_status":"open","sticky":false,"template":"","format":"standard","meta":{"footnotes":""},"categories":[7],"tags":[],"class_list":["post-284","post","type-post","status-publish","format-standard","hentry","category-aktualnosci"],"_links":{"self":[{"href":"https:\/\/wtztrzebinia.pl\/index.php?rest_route=\/wp\/v2\/posts\/284","targetHints":{"allow":["GET"]}}],"collection":[{"href":"https:\/\/wtztrzebinia.pl\/index.php?rest_route=\/wp\/v2\/posts"}],"about":[{"href":"https:\/\/wtztrzebinia.pl\/index.php?rest_route=\/wp\/v2\/types\/post"}],"author":[{"embeddable":true,"href":"https:\/\/wtztrzebinia.pl\/index.php?rest_route=\/wp\/v2\/users\/1"}],"replies":[{"embeddable":true,"href":"https:\/\/wtztrzebinia.pl\/index.php?rest_route=%2Fwp%2Fv2%2Fcomments&post=284"}],"version-history":[{"count":0,"href":"https:\/\/wtztrzebinia.pl\/index.php?rest_route=\/wp\/v2\/posts\/284\/revisions"}],"wp:attachment":[{"href":"https:\/\/wtztrzebinia.pl\/index.php?rest_route=%2Fwp%2Fv2%2Fmedia&parent=284"}],"wp:term":[{"taxonomy":"category","embeddable":true,"href":"https:\/\/wtztrzebinia.pl\/index.php?rest_route=%2Fwp%2Fv2%2Fcategories&post=284"},{"taxonomy":"post_tag","embeddable":true,"href":"https:\/\/wtztrzebinia.pl\/index.php?rest_route=%2Fwp%2Fv2%2Ftags&post=284"}],"curies":[{"name":"wp","href":"https:\/\/api.w.org\/{rel}","templated":true}]}}