{"id":278,"date":"2016-02-03T13:40:24","date_gmt":"2016-02-03T13:40:24","guid":{"rendered":"https:\/\/wtztrzebinia.pl\/?p=278"},"modified":"2016-02-03T13:40:24","modified_gmt":"2016-02-03T13:40:24","slug":"bal-karnawalowy-w-libiazu-03-02-2016","status":"publish","type":"post","link":"https:\/\/wtztrzebinia.pl\/?p=278","title":{"rendered":"Bal Karnawa\u0142owy w Libi\u0105\u017cu \u2013 03.02.2016"},"content":{"rendered":"<p style=\"line-height: normal;\"><span>Jak co roku na koniec karnawa\u0142u wzi\u0119li\u015bmy udzia\u0142 w Wielkim Balu Przebiera\u0144c\u00f3w, kt\u00f3ry odby\u0142 si\u0119 tradycyjnie w Klubie \u201eEuforia\u201d w 03.02.2016r.Libi\u0105\u017cu.<\/span><\/p>\n<p><!--more--><\/p>\n<p style=\"line-height: normal;\"><span> Na balu nie zbrak\u0142o naszych koleg\u00f3w i kole\u017canek z innych plac\u00f3wek Fundacji im. Brata Alberta, z bli\u017cszej i dalszej okolicy. Podczas balu by\u0142y szalone ta\u0144ce, hulanki i swawole. Jak zwykle by\u0142 te\u017c konkurs na Kr\u00f3low\u0105 i Kr\u00f3la Balu. Ani si\u0119 obejrzeli\u015bmy i trzeba by\u0142o wraca\u0107&#8230;Migawki z balu do obejrzenia w galerii\u2026<\/span><\/p>\n","protected":false},"excerpt":{"rendered":"<p>Jak co roku na koniec karnawa\u0142u wzi\u0119li\u015bmy udzia\u0142 w Wielkim Balu Przebiera\u0144c\u00f3w, kt\u00f3ry odby\u0142 si\u0119 tradycyjnie w Klubie \u201eEuforia\u201d w 03.02.2016r.Libi\u0105\u017cu.<\/p>\n","protected":false},"author":1,"featured_media":0,"comment_status":"open","ping_status":"open","sticky":false,"template":"","format":"standard","meta":{"footnotes":""},"categories":[7],"tags":[],"class_list":["post-278","post","type-post","status-publish","format-standard","hentry","category-aktualnosci"],"_links":{"self":[{"href":"https:\/\/wtztrzebinia.pl\/index.php?rest_route=\/wp\/v2\/posts\/278","targetHints":{"allow":["GET"]}}],"collection":[{"href":"https:\/\/wtztrzebinia.pl\/index.php?rest_route=\/wp\/v2\/posts"}],"about":[{"href":"https:\/\/wtztrzebinia.pl\/index.php?rest_route=\/wp\/v2\/types\/post"}],"author":[{"embeddable":true,"href":"https:\/\/wtztrzebinia.pl\/index.php?rest_route=\/wp\/v2\/users\/1"}],"replies":[{"embeddable":true,"href":"https:\/\/wtztrzebinia.pl\/index.php?rest_route=%2Fwp%2Fv2%2Fcomments&post=278"}],"version-history":[{"count":0,"href":"https:\/\/wtztrzebinia.pl\/index.php?rest_route=\/wp\/v2\/posts\/278\/revisions"}],"wp:attachment":[{"href":"https:\/\/wtztrzebinia.pl\/index.php?rest_route=%2Fwp%2Fv2%2Fmedia&parent=278"}],"wp:term":[{"taxonomy":"category","embeddable":true,"href":"https:\/\/wtztrzebinia.pl\/index.php?rest_route=%2Fwp%2Fv2%2Fcategories&post=278"},{"taxonomy":"post_tag","embeddable":true,"href":"https:\/\/wtztrzebinia.pl\/index.php?rest_route=%2Fwp%2Fv2%2Ftags&post=278"}],"curies":[{"name":"wp","href":"https:\/\/api.w.org\/{rel}","templated":true}]}}