{"id":274,"date":"2015-12-22T14:50:29","date_gmt":"2015-12-22T14:50:29","guid":{"rendered":"https:\/\/wtztrzebinia.pl\/?p=274"},"modified":"2015-12-22T14:50:29","modified_gmt":"2015-12-22T14:50:29","slug":"koncert-najjasniejsza-z-gwiazd-21-12-2015r","status":"publish","type":"post","link":"https:\/\/wtztrzebinia.pl\/?p=274","title":{"rendered":"Koncert \u201eNajja\u015bniejsza z gwiazd\u201d &#8211; 21.12.2015r."},"content":{"rendered":"<p style=\"line-height: normal;\"><span>Dzi\u0119ki uprzejmo\u015bci Trzebi\u0144skiego Centrum Kultury Dworu Zieleniewskich w Trzebini w dn. 21.12.15 r. odby\u0142o si\u0119 uroczyste kol\u0119dowanie pt. \u201eNajja\u015bniejsza z gwiazd\u201d.<\/span><\/p>\n<p><!--more--><\/p>\n<p style=\"line-height: normal;\"><span>Podczas tego wieczoru w Sali Lustrzanej Dworu Zieleniewskich w Trzebini zagra\u0142 nasz fundacyjny zesp\u00f3\u0142 \u201eAlbert Band\u201d. Nasi arty\u015bci, pod kierunkiem Pani Ma\u0142gorzaty Liszki (Powiatowy M\u0142odzie\u017cowy Dom Kultury) zagrali \u201eJingle Bells\u201d oraz kol\u0119dy \u201eOj Malu\u015bki Malu\u015bki\u201d, \u201eCicha noc\u201d i \u201eLulaj\u017ce Jezuniu\u201d, \u201eGdy \u015bliczna Panna\u201d. W spotkaniu wzi\u0119li udzia\u0142 tak\u017ce m\u0142odzi laureaci Festiwalu Piosenki \u201eM\u0142oszowskie Nutki\u201d. Na ka\u017cdego artyst\u0119 i go\u015bcia czeka\u0142 ma\u0142y s\u0142odki pocz\u0119stunek. By\u0142o \u015bwi\u0105tecznie, magicznie i pi\u0119knie!<\/span><\/p>\n","protected":false},"excerpt":{"rendered":"<p>Dzi\u0119ki uprzejmo\u015bci Trzebi\u0144skiego Centrum Kultury Dworu Zieleniewskich w Trzebini w dn. 21.12.15 r. odby\u0142o si\u0119 uroczyste kol\u0119dowanie pt. \u201eNajja\u015bniejsza z gwiazd\u201d.<\/p>\n","protected":false},"author":1,"featured_media":0,"comment_status":"open","ping_status":"open","sticky":false,"template":"","format":"standard","meta":{"footnotes":""},"categories":[7],"tags":[],"class_list":["post-274","post","type-post","status-publish","format-standard","hentry","category-aktualnosci"],"_links":{"self":[{"href":"https:\/\/wtztrzebinia.pl\/index.php?rest_route=\/wp\/v2\/posts\/274","targetHints":{"allow":["GET"]}}],"collection":[{"href":"https:\/\/wtztrzebinia.pl\/index.php?rest_route=\/wp\/v2\/posts"}],"about":[{"href":"https:\/\/wtztrzebinia.pl\/index.php?rest_route=\/wp\/v2\/types\/post"}],"author":[{"embeddable":true,"href":"https:\/\/wtztrzebinia.pl\/index.php?rest_route=\/wp\/v2\/users\/1"}],"replies":[{"embeddable":true,"href":"https:\/\/wtztrzebinia.pl\/index.php?rest_route=%2Fwp%2Fv2%2Fcomments&post=274"}],"version-history":[{"count":0,"href":"https:\/\/wtztrzebinia.pl\/index.php?rest_route=\/wp\/v2\/posts\/274\/revisions"}],"wp:attachment":[{"href":"https:\/\/wtztrzebinia.pl\/index.php?rest_route=%2Fwp%2Fv2%2Fmedia&parent=274"}],"wp:term":[{"taxonomy":"category","embeddable":true,"href":"https:\/\/wtztrzebinia.pl\/index.php?rest_route=%2Fwp%2Fv2%2Fcategories&post=274"},{"taxonomy":"post_tag","embeddable":true,"href":"https:\/\/wtztrzebinia.pl\/index.php?rest_route=%2Fwp%2Fv2%2Ftags&post=274"}],"curies":[{"name":"wp","href":"https:\/\/api.w.org\/{rel}","templated":true}]}}