{"id":273,"date":"2015-12-14T11:37:59","date_gmt":"2015-12-14T11:37:59","guid":{"rendered":"https:\/\/wtztrzebinia.pl\/?p=273"},"modified":"2015-12-14T11:37:59","modified_gmt":"2015-12-14T11:37:59","slug":"wigilijne-spotkanie-w-trzebini-14-12-2015r","status":"publish","type":"post","link":"https:\/\/wtztrzebinia.pl\/?p=273","title":{"rendered":"Wigilijne Spotkanie w Trzebini  &#8211; 14.12.2015r."},"content":{"rendered":"<p style=\"margin-bottom: 0.0001pt; line-height: normal;\"><span>14 grudnia 2015r. o godzinie 10.00 spotkali\u015bmy si\u0119 w naszych trzebi\u0144skich plac\u00f3wkach na uroczystym spotkaniu wigilijnym.<\/span><\/p>\n<p><!--more--><\/p>\n<p style=\"margin-bottom: 0.0001pt; line-height: normal;\"><span>Wsp\u00f3lnie z uczestnikami Warsztatu Terapii Zaj\u0119ci owej i podopiecznymi \u015awietlicy Terapeutycznej&nbsp;&nbsp; \u015bwi\u0119towali ich rodzice i opiekunowie, wolontariusze i zaproszeni go\u015bcie; przedstawiciele samorz\u0105du powiatowego i miejskiego, w\u0142adze statutowe Fundacji im. Brata Alberta, przedstawiciele instytucji wsp\u00f3\u0142pracuj\u0105cych z WTZ oraz przyjaciele z innych fundacyjnych jednostek oraz dyrektorzy plac\u00f3wek edukacyjnych i wsp\u00f3\u0142pracuj\u0105cych z nami od lat.<\/span><\/p>\n<p style=\"margin-bottom: 0.0001pt; line-height: normal;\"><span>Spotkanie u\u015bwietni\u0142 wyst\u0119p uczestnik\u00f3w WTZ oraz scholii &#8211; zespo\u0142u muzycznego z ZSTU w Trzebini.<\/span><\/p>\n<p style=\"margin-bottom: 0.0001pt; line-height: normal;\"><span>Tradycyjnie w ten \u015bwi\u0105teczny czas, podczas spotkania zosta\u0142y wr\u0119czone Nagrody im. Stanis\u0142awa Pruszy\u0144skiego. W tym roku otrzymali je; Zesp\u00f3\u0142 Szk\u00f3\u0142 Gimnazjalnych im. Trzech Wieszcz\u00f3w &#8211; Gimnazjum nr 2 w Trzebini na r\u0119ce Pani Dyrektor Krystyny \u017bak oraz Zesp\u00f3\u0142 Szk\u00f3\u0142 Techniczno Us\u0142ugowych w Trzebini na r\u0119ce Siostry Renaty Pilarskiej. Obie nagrody zosta\u0142y przyznane za prac\u0119 spo\u0142eczn\u0105 i wolontarystyczn\u0105 uczni\u00f3w i nauczycieli tych szk\u00f3\u0142, na rzecz trzebi\u0144skich jednostek naszej Fundacji. <\/span><\/p>\n<p style=\"margin-bottom: 0.0001pt; line-height: normal;\"><span>\u017byczenia dla wszystkich zebranych z\u0142o\u017cyli Starosta Powiatu Chrzanowskiego Janusz Szcz\u0119\u015bniak, Sekretarz Gminy Trzebinia Anna Kawala oraz Ksi\u0105dz Tadeusz Isakowicz- Zaleski \u2013 Prezes Fundacji im. Brata Alberta. Po uroczystej cz\u0119\u015bci oficjalnej nast\u0105pi\u0142y wsp\u00f3lna modlitwa i tradycyjne \u0142amanie si\u0119 op\u0142atkiem, \u017cyczenia \u015bwi\u0105teczne i \u015bwi\u0105teczny pocz\u0119stunek.<\/span><\/p>\n<p style=\"margin-bottom: 0.0001pt; line-height: normal;\"><span>Nasze spotkanie zosta\u0142o w tym roku dofinansowane przez Pa\u0144stwowy Fundusz Rehabilitacji Os\u00f3b Niepe\u0142nosprawnych, darczy\u0144c\u00f3w oraz rodzic\u00f3w naszych podopiecznych. Wszystkim serdecznie dzi\u0119kujemy! <\/span><\/p>\n","protected":false},"excerpt":{"rendered":"<p>14 grudnia 2015r. o godzinie 10.00 spotkali\u015bmy si\u0119 w naszych trzebi\u0144skich plac\u00f3wkach na uroczystym spotkaniu wigilijnym.<\/p>\n","protected":false},"author":1,"featured_media":0,"comment_status":"open","ping_status":"open","sticky":false,"template":"","format":"standard","meta":{"footnotes":""},"categories":[7],"tags":[],"class_list":["post-273","post","type-post","status-publish","format-standard","hentry","category-aktualnosci"],"_links":{"self":[{"href":"https:\/\/wtztrzebinia.pl\/index.php?rest_route=\/wp\/v2\/posts\/273","targetHints":{"allow":["GET"]}}],"collection":[{"href":"https:\/\/wtztrzebinia.pl\/index.php?rest_route=\/wp\/v2\/posts"}],"about":[{"href":"https:\/\/wtztrzebinia.pl\/index.php?rest_route=\/wp\/v2\/types\/post"}],"author":[{"embeddable":true,"href":"https:\/\/wtztrzebinia.pl\/index.php?rest_route=\/wp\/v2\/users\/1"}],"replies":[{"embeddable":true,"href":"https:\/\/wtztrzebinia.pl\/index.php?rest_route=%2Fwp%2Fv2%2Fcomments&post=273"}],"version-history":[{"count":0,"href":"https:\/\/wtztrzebinia.pl\/index.php?rest_route=\/wp\/v2\/posts\/273\/revisions"}],"wp:attachment":[{"href":"https:\/\/wtztrzebinia.pl\/index.php?rest_route=%2Fwp%2Fv2%2Fmedia&parent=273"}],"wp:term":[{"taxonomy":"category","embeddable":true,"href":"https:\/\/wtztrzebinia.pl\/index.php?rest_route=%2Fwp%2Fv2%2Fcategories&post=273"},{"taxonomy":"post_tag","embeddable":true,"href":"https:\/\/wtztrzebinia.pl\/index.php?rest_route=%2Fwp%2Fv2%2Ftags&post=273"}],"curies":[{"name":"wp","href":"https:\/\/api.w.org\/{rel}","templated":true}]}}