{"id":270,"date":"2015-12-03T11:30:28","date_gmt":"2015-12-03T11:30:28","guid":{"rendered":"https:\/\/wtztrzebinia.pl\/?p=270"},"modified":"2015-12-03T11:30:28","modified_gmt":"2015-12-03T11:30:28","slug":"turniej-tenisa-stolowego-chelmek-02-12-2015","status":"publish","type":"post","link":"https:\/\/wtztrzebinia.pl\/?p=270","title":{"rendered":"Turniej tenisa sto\u0142owego \u2013 Che\u0142mek \u2013 02.12.2015"},"content":{"rendered":"<p style=\"line-height: normal;\"><span>W dniu 02.12.2015r. nasze dru\u017cyny \u201eping-pongist\u00f3w\u201d z WTZ, jak i \u015awietlicy Terapeutycznej reprezentowali Trzebini\u0119 na VI Zawodach Tenisa Sto\u0142owego Os\u00f3b Niepe\u0142nosprawnych, kt\u00f3re odby\u0142y si\u0119 w Che\u0142mku.<\/span><\/p>\n<p><!--more--><\/p>\n<p style=\"line-height: normal;\"><span> Zawodnicy walczyli co si\u0142 w nogach i rakietkach, z poszanowaniem fair play oczywi\u015bcie. Jak zwykle organizatorzy, czyli Warsztat Terapii Zaj\u0119ciowej Fundacji im. Brata Alberta w Che\u0142mku, stan\u0119li na wysoko\u015bci zadania. Zawody przebieg\u0142y sprawnie, a zawodnicy zostali nagrodzeni za swoje zaanga\u017cowanie. W tym roku \u015awietlic\u0119 reprezentowali; Jakub Chwa\u0142a, Tomasz Chodacki i Oskar Florczak a Warsztat; Rafa\u0142 Korczy\u0144ski, \u0141ukasz Adamczyk i Marcin G\u0119borski.<\/span><\/p>\n","protected":false},"excerpt":{"rendered":"<p>W dniu 02.12.2015r. nasze dru\u017cyny \u201eping-pongist\u00f3w\u201d z WTZ, jak i \u015awietlicy Terapeutycznej reprezentowali Trzebini\u0119 na VI Zawodach Tenisa Sto\u0142owego Os\u00f3b Niepe\u0142nosprawnych, kt\u00f3re odby\u0142y si\u0119 w Che\u0142mku.<\/p>\n","protected":false},"author":1,"featured_media":0,"comment_status":"open","ping_status":"open","sticky":false,"template":"","format":"standard","meta":{"footnotes":""},"categories":[7],"tags":[],"class_list":["post-270","post","type-post","status-publish","format-standard","hentry","category-aktualnosci"],"_links":{"self":[{"href":"https:\/\/wtztrzebinia.pl\/index.php?rest_route=\/wp\/v2\/posts\/270","targetHints":{"allow":["GET"]}}],"collection":[{"href":"https:\/\/wtztrzebinia.pl\/index.php?rest_route=\/wp\/v2\/posts"}],"about":[{"href":"https:\/\/wtztrzebinia.pl\/index.php?rest_route=\/wp\/v2\/types\/post"}],"author":[{"embeddable":true,"href":"https:\/\/wtztrzebinia.pl\/index.php?rest_route=\/wp\/v2\/users\/1"}],"replies":[{"embeddable":true,"href":"https:\/\/wtztrzebinia.pl\/index.php?rest_route=%2Fwp%2Fv2%2Fcomments&post=270"}],"version-history":[{"count":0,"href":"https:\/\/wtztrzebinia.pl\/index.php?rest_route=\/wp\/v2\/posts\/270\/revisions"}],"wp:attachment":[{"href":"https:\/\/wtztrzebinia.pl\/index.php?rest_route=%2Fwp%2Fv2%2Fmedia&parent=270"}],"wp:term":[{"taxonomy":"category","embeddable":true,"href":"https:\/\/wtztrzebinia.pl\/index.php?rest_route=%2Fwp%2Fv2%2Fcategories&post=270"},{"taxonomy":"post_tag","embeddable":true,"href":"https:\/\/wtztrzebinia.pl\/index.php?rest_route=%2Fwp%2Fv2%2Ftags&post=270"}],"curies":[{"name":"wp","href":"https:\/\/api.w.org\/{rel}","templated":true}]}}