{"id":269,"date":"2015-11-30T07:29:41","date_gmt":"2015-11-30T07:29:41","guid":{"rendered":"https:\/\/wtztrzebinia.pl\/?p=269"},"modified":"2015-11-30T07:29:41","modified_gmt":"2015-11-30T07:29:41","slug":"blizej-siebie-27-11-2015","status":"publish","type":"post","link":"https:\/\/wtztrzebinia.pl\/?p=269","title":{"rendered":"Bli\u017cej Siebie  &#8211; 27.11.2015"},"content":{"rendered":"<p>W ostatni pi\u0105tek mieli\u015bmy przyjemno\u015b\u0107 uczestniczy\u0107 w jubileuszowym XV Powiatowym Festiwalu Tw\u00f3rczo\u015bci Integracyjnej \u201eBli\u017cej siebie\u201d.<\/p>\n<p><!--more--><\/p>\n<p>Jak co roku spotkanie zorganizowa\u0142a Integracyjna Szko\u0142a Podstawowa nr 8 w Trzebini. Jak na jubileusz przysta\u0142o by\u0142 tort, fajerwerki, pami\u0105tkowe puchary i mn\u00f3stwo wspomnie\u0144. W tym roku festiwal mia\u0142 tematyk\u0119 sportow\u0105. Wylosowali\u015bmy do prezentacji artystycznych Koszyk\u00f3wk\u0119. By\u0142o ci\u0119\u017cko, ale dali\u015bmy rad\u0119. Bo jak nie my to kto? Naszych uczestnik\u00f3w przygotowa\u0142y do wyst\u0119p\u00f3w panie Anna Pietrzak i Wioletta Sobczyk. Wystroili\u015bmy si\u0119 jak rasowi pi\u0142karze, zata\u0144czyli\u015bmy i za\u015bpiewali\u015bmy jak tylko umieli\u015bmy najlepiej. I co? I sukces! Dzi\u0119kujemy organizatorom za wspania\u0142\u0105 zabaw\u0119!<\/p>\n","protected":false},"excerpt":{"rendered":"<p>W ostatni pi\u0105tek mieli\u015bmy przyjemno\u015b\u0107 uczestniczy\u0107 w jubileuszowym XV Powiatowym Festiwalu Tw\u00f3rczo\u015bci Integracyjnej \u201eBli\u017cej siebie\u201d.<\/p>\n","protected":false},"author":1,"featured_media":0,"comment_status":"open","ping_status":"open","sticky":false,"template":"","format":"standard","meta":{"footnotes":""},"categories":[7],"tags":[],"class_list":["post-269","post","type-post","status-publish","format-standard","hentry","category-aktualnosci"],"_links":{"self":[{"href":"https:\/\/wtztrzebinia.pl\/index.php?rest_route=\/wp\/v2\/posts\/269","targetHints":{"allow":["GET"]}}],"collection":[{"href":"https:\/\/wtztrzebinia.pl\/index.php?rest_route=\/wp\/v2\/posts"}],"about":[{"href":"https:\/\/wtztrzebinia.pl\/index.php?rest_route=\/wp\/v2\/types\/post"}],"author":[{"embeddable":true,"href":"https:\/\/wtztrzebinia.pl\/index.php?rest_route=\/wp\/v2\/users\/1"}],"replies":[{"embeddable":true,"href":"https:\/\/wtztrzebinia.pl\/index.php?rest_route=%2Fwp%2Fv2%2Fcomments&post=269"}],"version-history":[{"count":0,"href":"https:\/\/wtztrzebinia.pl\/index.php?rest_route=\/wp\/v2\/posts\/269\/revisions"}],"wp:attachment":[{"href":"https:\/\/wtztrzebinia.pl\/index.php?rest_route=%2Fwp%2Fv2%2Fmedia&parent=269"}],"wp:term":[{"taxonomy":"category","embeddable":true,"href":"https:\/\/wtztrzebinia.pl\/index.php?rest_route=%2Fwp%2Fv2%2Fcategories&post=269"},{"taxonomy":"post_tag","embeddable":true,"href":"https:\/\/wtztrzebinia.pl\/index.php?rest_route=%2Fwp%2Fv2%2Ftags&post=269"}],"curies":[{"name":"wp","href":"https:\/\/api.w.org\/{rel}","templated":true}]}}