{"id":267,"date":"2015-10-26T07:20:56","date_gmt":"2015-10-26T07:20:56","guid":{"rendered":"https:\/\/wtztrzebinia.pl\/?p=267"},"modified":"2015-10-26T07:20:56","modified_gmt":"2015-10-26T07:20:56","slug":"xiv-mityng-plywacki-osob-niepelnosprawnych-w-chrzanowie-23-10-15","status":"publish","type":"post","link":"https:\/\/wtztrzebinia.pl\/?p=267","title":{"rendered":"XIV Mityng P\u0142ywacki Os\u00f3b Niepe\u0142nosprawnych w Chrzanowie \u2013 23.10.15"},"content":{"rendered":"<p>W dniu 23.10.15 wzi\u0119li\u015bmy udzia\u0142 w XIV Mityngu P\u0142ywackim Os\u00f3b Niepe\u0142nosprawnych im. Krzysztofa Brz\u0119czka w Chrzanowie.<\/p>\n<p><!--more--><\/p>\n<p>&nbsp;<\/p>\n<p>Ka\u017cdy z uczestnik\u00f3w bior\u0105cych udzia\u0142 w zawodach m\u00f3g\u0142 wybra\u0107 najlepszy dla siebie dystans; 12,5m, 25 m, z desk\u0105, z przyborami oraz w sztafeta 2x25m. Jak zwykle p\u0142ywali\u015bmy najszybciej i najlepiej jak potrafili\u015bmy. W ko\u0144cu ca\u0142y okr\u0105g\u0142y rok trenowali\u015bmy techniki p\u0142ywackie. Dzi\u0119ki temu uda\u0142o nam si\u0119 \u201ewyp\u0142ywa\u0107\u201d miejsce na podium; \u0141. Adamczyk \u2013 III miejsce na 12,5m, J. Bukowski \u2013 II miejsce na 12,5m, R. Korczy\u0144ski \u2013 III miejsce na 25m, A. Majcherczyk \u2013 IV miejsce na 12,5m, A. Chojnicka \u2013 III miejsce na 12,5m, T. Tekielak \u2013 I miejsce na 25m, A. Spyt \u2013 IV miejsce na 12,5m i Sz. Jelonek- V miejsce na 12,5m.<\/p>\n","protected":false},"excerpt":{"rendered":"<p>W dniu 23.10.15 wzi\u0119li\u015bmy udzia\u0142 w XIV Mityngu P\u0142ywackim Os\u00f3b Niepe\u0142nosprawnych im. Krzysztofa Brz\u0119czka w Chrzanowie.<\/p>\n","protected":false},"author":1,"featured_media":0,"comment_status":"open","ping_status":"open","sticky":false,"template":"","format":"standard","meta":{"footnotes":""},"categories":[7],"tags":[],"class_list":["post-267","post","type-post","status-publish","format-standard","hentry","category-aktualnosci"],"_links":{"self":[{"href":"https:\/\/wtztrzebinia.pl\/index.php?rest_route=\/wp\/v2\/posts\/267","targetHints":{"allow":["GET"]}}],"collection":[{"href":"https:\/\/wtztrzebinia.pl\/index.php?rest_route=\/wp\/v2\/posts"}],"about":[{"href":"https:\/\/wtztrzebinia.pl\/index.php?rest_route=\/wp\/v2\/types\/post"}],"author":[{"embeddable":true,"href":"https:\/\/wtztrzebinia.pl\/index.php?rest_route=\/wp\/v2\/users\/1"}],"replies":[{"embeddable":true,"href":"https:\/\/wtztrzebinia.pl\/index.php?rest_route=%2Fwp%2Fv2%2Fcomments&post=267"}],"version-history":[{"count":0,"href":"https:\/\/wtztrzebinia.pl\/index.php?rest_route=\/wp\/v2\/posts\/267\/revisions"}],"wp:attachment":[{"href":"https:\/\/wtztrzebinia.pl\/index.php?rest_route=%2Fwp%2Fv2%2Fmedia&parent=267"}],"wp:term":[{"taxonomy":"category","embeddable":true,"href":"https:\/\/wtztrzebinia.pl\/index.php?rest_route=%2Fwp%2Fv2%2Fcategories&post=267"},{"taxonomy":"post_tag","embeddable":true,"href":"https:\/\/wtztrzebinia.pl\/index.php?rest_route=%2Fwp%2Fv2%2Ftags&post=267"}],"curies":[{"name":"wp","href":"https:\/\/api.w.org\/{rel}","templated":true}]}}