{"id":265,"date":"2015-10-01T07:58:15","date_gmt":"2015-10-01T07:58:15","guid":{"rendered":"https:\/\/wtztrzebinia.pl\/?p=265"},"modified":"2015-10-01T07:58:15","modified_gmt":"2015-10-01T07:58:15","slug":"koncert-zespolu-albert-band-lck-w-libiazu-30-09-2015r","status":"publish","type":"post","link":"https:\/\/wtztrzebinia.pl\/?p=265","title":{"rendered":"Koncert zespo\u0142u \u201eAlbert Band\u201d \u2013 LCK w Libi\u0105\u017cu \u2013 30.09.2015r."},"content":{"rendered":"<p>Nasza Fundacyjna orkiestra \u201eAlbert Band\u201d tym razem wyst\u0105pi\u0142a na deskach Libi\u0105skiego Centrum Kultury. Nasz koncert odby\u0142 si\u0119 30.09.2015r. i u\u015bwietni\u0142 obchody Jubileuszu XX-lecia istnienia Warsztatu Terapii Zaj\u0119ciowej w Libi\u0105\u017cu. Jak zwykle trema u artyst\u00f3w by\u0142 wielka, ale mamy nadziej\u0119, \u017ce mimo kilku malutkich wpadek i jednego wielkiego t\u0105pni\u0119cia wszystkim si\u0119 podoba\u0142o! Starali\u015bmy si\u0119 bowiem ze wszystkich si\u0142. Zdj\u0119ciz z koncertu do obejrzenia w galerii. A kto nas jednak w Libi\u0105\u017cu nie widzia\u0142 i nie s\u0142ysza\u0142, b\u0119dzie mia\u0142 do tego okazj\u0119 ju\u017c 19.10.15r. w Radwanowicach.<\/p>\n","protected":false},"excerpt":{"rendered":"<p>Nasza Fundacyjna orkiestra \u201eAlbert Band\u201d tym razem wyst\u0105pi\u0142a na deskach Libi\u0105skiego Centrum Kultury. Nasz koncert odby\u0142 si\u0119 30.09.2015r. i u\u015bwietni\u0142 obchody Jubileuszu XX-lecia istnienia Warsztatu Terapii Zaj\u0119ciowej w Libi\u0105\u017cu. Jak zwykle trema u artyst\u00f3w by\u0142 wielka, ale mamy nadziej\u0119, \u017ce mimo kilku malutkich wpadek i jednego wielkiego t\u0105pni\u0119cia wszystkim si\u0119 podoba\u0142o! Starali\u015bmy si\u0119 bowiem ze wszystkich si\u0142. Zdj\u0119ciz z koncertu do obejrzenia w galerii. A kto nas jednak w Libi\u0105\u017cu nie widzia\u0142 i nie s\u0142ysza\u0142, b\u0119dzie mia\u0142 do tego okazj\u0119 ju\u017c 19.10.15r. w Radwanowicach.<\/p>\n","protected":false},"author":1,"featured_media":0,"comment_status":"open","ping_status":"open","sticky":false,"template":"","format":"standard","meta":{"footnotes":""},"categories":[7],"tags":[],"class_list":["post-265","post","type-post","status-publish","format-standard","hentry","category-aktualnosci"],"_links":{"self":[{"href":"https:\/\/wtztrzebinia.pl\/index.php?rest_route=\/wp\/v2\/posts\/265","targetHints":{"allow":["GET"]}}],"collection":[{"href":"https:\/\/wtztrzebinia.pl\/index.php?rest_route=\/wp\/v2\/posts"}],"about":[{"href":"https:\/\/wtztrzebinia.pl\/index.php?rest_route=\/wp\/v2\/types\/post"}],"author":[{"embeddable":true,"href":"https:\/\/wtztrzebinia.pl\/index.php?rest_route=\/wp\/v2\/users\/1"}],"replies":[{"embeddable":true,"href":"https:\/\/wtztrzebinia.pl\/index.php?rest_route=%2Fwp%2Fv2%2Fcomments&post=265"}],"version-history":[{"count":0,"href":"https:\/\/wtztrzebinia.pl\/index.php?rest_route=\/wp\/v2\/posts\/265\/revisions"}],"wp:attachment":[{"href":"https:\/\/wtztrzebinia.pl\/index.php?rest_route=%2Fwp%2Fv2%2Fmedia&parent=265"}],"wp:term":[{"taxonomy":"category","embeddable":true,"href":"https:\/\/wtztrzebinia.pl\/index.php?rest_route=%2Fwp%2Fv2%2Fcategories&post=265"},{"taxonomy":"post_tag","embeddable":true,"href":"https:\/\/wtztrzebinia.pl\/index.php?rest_route=%2Fwp%2Fv2%2Ftags&post=265"}],"curies":[{"name":"wp","href":"https:\/\/api.w.org\/{rel}","templated":true}]}}