{"id":264,"date":"2015-10-01T07:57:19","date_gmt":"2015-10-01T07:57:19","guid":{"rendered":"https:\/\/wtztrzebinia.pl\/?p=264"},"modified":"2015-10-01T07:57:19","modified_gmt":"2015-10-01T07:57:19","slug":"zbiorka-zywnosci-podziel-sie-posilkiem-25-09-26-09-2015","status":"publish","type":"post","link":"https:\/\/wtztrzebinia.pl\/?p=264","title":{"rendered":"Zbi\u00f3rka \u017bywno\u015bci \u201ePodziel si\u0119 posi\u0142kiem\u201d \u2013 25.09-26.09.2015"},"content":{"rendered":"<p><span style=\"font-size: 11pt; font-family: 'Calibri','sans-serif';\">Po raz czternasty, w dniach 25.09-26.09.2015, podopieczni Fundacji im. Brata Alberta, pracownicy Warsztatu Terapii Zaj\u0119ciowej i \u015awietlicy Terapeutycznej oraz kilkudziesi\u0119ciu wolontariuszy z Gimnazjum nr 2 w Trzebini i Zespo\u0142u Szk\u00f3\u0142 Techniczno Us\u0142ugowych w Trzebini wsp\u00f3lnie z Krakowskim Bankiem \u017bywno\u015bci uczestniczyli w Zbi\u00f3rce \u017bywno\u015bci \u201ePodziel si\u0119 posi\u0142kiem\u201d.<\/span><\/p>\n<p><!--more--><\/p>\n<p><span style=\"font-size: 11pt; font-family: 'Calibri','sans-serif';\">W naszych lokalnych marketach; Biedronka, Inter Marche w Trzebini oraz Netto w Chrzanowie, zebrali\u015bmy w dwa dni w sumie <strong><span style=\"font-family: 'Calibri','sans-serif';\">949,53 kg<\/span><\/strong> \u017cywno\u015bci. W\u015br\u00f3d zebranych produkt\u00f3w by\u0142o mleko, p\u0142atki \u015bniadaniowe, cukier, olej, makaron, ry\u017c, konserwy, d\u017cemy i inne smakowito\u015bci. Wszystkie zebrane produkty, jak zawsze, zostan\u0105 wykorzystane do przygotowywania posi\u0142k\u00f3w dla podopiecznych trzebi\u0144skich plac\u00f3wek naszej Fundacji. Po raz kolejny bardzo serdecznie dzi\u0119kujemy sklepom, wolontariuszom i darczy\u0144com za przy\u0142\u0105czenie si\u0119 do naszej akcji. Kto nie zd\u0105\u017cy\u0142 do\u0142\u0105czy\u0107 do tej zbi\u00f3rki, b\u0119dzie mia\u0142 okazj\u0119 wesprze\u0107 nas ju\u017c podczas kolejnej, kt\u00f3ra odb\u0119dzie si\u0119 w dniach 04.12-06.12.2015r. Serdecznie zapraszamy!<\/span><\/p>\n","protected":false},"excerpt":{"rendered":"<p>Po raz czternasty, w dniach 25.09-26.09.2015, podopieczni Fundacji im. Brata Alberta, pracownicy Warsztatu Terapii Zaj\u0119ciowej i \u015awietlicy Terapeutycznej oraz kilkudziesi\u0119ciu wolontariuszy z Gimnazjum nr 2 w Trzebini i Zespo\u0142u Szk\u00f3\u0142 Techniczno Us\u0142ugowych w Trzebini wsp\u00f3lnie z Krakowskim Bankiem \u017bywno\u015bci uczestniczyli w Zbi\u00f3rce \u017bywno\u015bci \u201ePodziel si\u0119 posi\u0142kiem\u201d.<\/p>\n","protected":false},"author":1,"featured_media":0,"comment_status":"open","ping_status":"open","sticky":false,"template":"","format":"standard","meta":{"footnotes":""},"categories":[7],"tags":[],"class_list":["post-264","post","type-post","status-publish","format-standard","hentry","category-aktualnosci"],"_links":{"self":[{"href":"https:\/\/wtztrzebinia.pl\/index.php?rest_route=\/wp\/v2\/posts\/264","targetHints":{"allow":["GET"]}}],"collection":[{"href":"https:\/\/wtztrzebinia.pl\/index.php?rest_route=\/wp\/v2\/posts"}],"about":[{"href":"https:\/\/wtztrzebinia.pl\/index.php?rest_route=\/wp\/v2\/types\/post"}],"author":[{"embeddable":true,"href":"https:\/\/wtztrzebinia.pl\/index.php?rest_route=\/wp\/v2\/users\/1"}],"replies":[{"embeddable":true,"href":"https:\/\/wtztrzebinia.pl\/index.php?rest_route=%2Fwp%2Fv2%2Fcomments&post=264"}],"version-history":[{"count":0,"href":"https:\/\/wtztrzebinia.pl\/index.php?rest_route=\/wp\/v2\/posts\/264\/revisions"}],"wp:attachment":[{"href":"https:\/\/wtztrzebinia.pl\/index.php?rest_route=%2Fwp%2Fv2%2Fmedia&parent=264"}],"wp:term":[{"taxonomy":"category","embeddable":true,"href":"https:\/\/wtztrzebinia.pl\/index.php?rest_route=%2Fwp%2Fv2%2Fcategories&post=264"},{"taxonomy":"post_tag","embeddable":true,"href":"https:\/\/wtztrzebinia.pl\/index.php?rest_route=%2Fwp%2Fv2%2Ftags&post=264"}],"curies":[{"name":"wp","href":"https:\/\/api.w.org\/{rel}","templated":true}]}}