{"id":263,"date":"2015-09-26T11:44:58","date_gmt":"2015-09-26T11:44:58","guid":{"rendered":"https:\/\/wtztrzebinia.pl\/?p=263"},"modified":"2015-09-26T11:44:58","modified_gmt":"2015-09-26T11:44:58","slug":"sprzatanie-swiata-polska-2015-24-09-15","status":"publish","type":"post","link":"https:\/\/wtztrzebinia.pl\/?p=263","title":{"rendered":"\u201eSprz\u0105tanie \u015bwiata \u2013 Polska 2015\u201d &#8211; 24.09.15."},"content":{"rendered":"<p>Jako zagorzali zwolennicy ekologii i czystego \u015brodowiska wzi\u0119li\u015bmy udzia\u0142 w og\u00f3lnopolskiej akcji \u201eSprz\u0105tanie \u015bwiata \u2013 Polska 2015\u201d.<\/p>\n<p><!--more--><\/p>\n<p>Na naszym lokalnym podw\u00f3rku akcj\u0119 koordynuje wydzia\u0142 ochrony \u015brodowiska UM w Trzebini. W do\u015b\u0107 pogodny ranek wyruszyli\u015bmy z warsztatu zaopatrzeni w r\u0119kawice ochronne i worki na \u015bmieci nasz\u0105 stal\u0105 tras\u0105, czyli ulicami Luzara, Ko\u015bcieln\u0105 a\u017c po cmentarz komunalny. Zebrali\u015bmy na tej trasie kilkana\u015bcie work\u00f3w r\u00f3\u017cnych \u015bmieci. Cho\u0107 trzeba przyzna\u0107, \u017ce tym razem by\u0142o ich mniej ni\u017c w ubieg\u0142ym roku! Zdj\u0119cia z akcji do obejrzenia w naszej galerii i na FB.<\/p>\n","protected":false},"excerpt":{"rendered":"<p>Jako zagorzali zwolennicy ekologii i czystego \u015brodowiska wzi\u0119li\u015bmy udzia\u0142 w og\u00f3lnopolskiej akcji \u201eSprz\u0105tanie \u015bwiata \u2013 Polska 2015\u201d.<\/p>\n","protected":false},"author":1,"featured_media":0,"comment_status":"open","ping_status":"open","sticky":false,"template":"","format":"standard","meta":{"footnotes":""},"categories":[7],"tags":[],"class_list":["post-263","post","type-post","status-publish","format-standard","hentry","category-aktualnosci"],"_links":{"self":[{"href":"https:\/\/wtztrzebinia.pl\/index.php?rest_route=\/wp\/v2\/posts\/263","targetHints":{"allow":["GET"]}}],"collection":[{"href":"https:\/\/wtztrzebinia.pl\/index.php?rest_route=\/wp\/v2\/posts"}],"about":[{"href":"https:\/\/wtztrzebinia.pl\/index.php?rest_route=\/wp\/v2\/types\/post"}],"author":[{"embeddable":true,"href":"https:\/\/wtztrzebinia.pl\/index.php?rest_route=\/wp\/v2\/users\/1"}],"replies":[{"embeddable":true,"href":"https:\/\/wtztrzebinia.pl\/index.php?rest_route=%2Fwp%2Fv2%2Fcomments&post=263"}],"version-history":[{"count":0,"href":"https:\/\/wtztrzebinia.pl\/index.php?rest_route=\/wp\/v2\/posts\/263\/revisions"}],"wp:attachment":[{"href":"https:\/\/wtztrzebinia.pl\/index.php?rest_route=%2Fwp%2Fv2%2Fmedia&parent=263"}],"wp:term":[{"taxonomy":"category","embeddable":true,"href":"https:\/\/wtztrzebinia.pl\/index.php?rest_route=%2Fwp%2Fv2%2Fcategories&post=263"},{"taxonomy":"post_tag","embeddable":true,"href":"https:\/\/wtztrzebinia.pl\/index.php?rest_route=%2Fwp%2Fv2%2Ftags&post=263"}],"curies":[{"name":"wp","href":"https:\/\/api.w.org\/{rel}","templated":true}]}}