{"id":262,"date":"2015-09-26T11:44:14","date_gmt":"2015-09-26T11:44:14","guid":{"rendered":"https:\/\/wtztrzebinia.pl\/?p=262"},"modified":"2015-09-26T11:44:14","modified_gmt":"2015-09-26T11:44:14","slug":"miedzy-osrodkowa-spartakiada-sportowa-w-suszcu-15-09-15","status":"publish","type":"post","link":"https:\/\/wtztrzebinia.pl\/?p=262","title":{"rendered":"Mi\u0119dzy-o\u015brodkowa spartakiada sportowa w Suszcu \u2013 15.09.15"},"content":{"rendered":"<p>Jak co roku wczesn\u0105 jesieni\u0105, i tym razem nasza warsztatowa dru\u017cyna sportowa wzi\u0119\u0142a udzia\u0142 w spartakiadzie sportowej w Suszcu.<\/p>\n<p><!--more--><\/p>\n<p>Konkurencje by\u0142y rozmaite, wszystkie arcyciekawe, niekt\u00f3re \u0142atwiejsze inne troch\u0119 trudniejsze. Jednak w ka\u017cdej z nich dali\u015bmy z siebie wszystko. Efektem by\u0142o zaj\u0119cie II miejsca w klasyfikacji generalnej! Opr\u00f3cz tego sukcesu ka\u017cdy z zawodnik\u00f3w indywidualnie zdoby\u0142 medal. Warto by\u0142o przygotowywa\u0107 si\u0119 przez ca\u0142y rok\u2026.Vice Mistrz\u00f3w w akcji mo\u017cna obejrze\u0107 w galerii i na FB.<\/p>\n","protected":false},"excerpt":{"rendered":"<p>Jak co roku wczesn\u0105 jesieni\u0105, i tym razem nasza warsztatowa dru\u017cyna sportowa wzi\u0119\u0142a udzia\u0142 w spartakiadzie sportowej w Suszcu.<\/p>\n","protected":false},"author":1,"featured_media":0,"comment_status":"open","ping_status":"open","sticky":false,"template":"","format":"standard","meta":{"footnotes":""},"categories":[7],"tags":[],"class_list":["post-262","post","type-post","status-publish","format-standard","hentry","category-aktualnosci"],"_links":{"self":[{"href":"https:\/\/wtztrzebinia.pl\/index.php?rest_route=\/wp\/v2\/posts\/262","targetHints":{"allow":["GET"]}}],"collection":[{"href":"https:\/\/wtztrzebinia.pl\/index.php?rest_route=\/wp\/v2\/posts"}],"about":[{"href":"https:\/\/wtztrzebinia.pl\/index.php?rest_route=\/wp\/v2\/types\/post"}],"author":[{"embeddable":true,"href":"https:\/\/wtztrzebinia.pl\/index.php?rest_route=\/wp\/v2\/users\/1"}],"replies":[{"embeddable":true,"href":"https:\/\/wtztrzebinia.pl\/index.php?rest_route=%2Fwp%2Fv2%2Fcomments&post=262"}],"version-history":[{"count":0,"href":"https:\/\/wtztrzebinia.pl\/index.php?rest_route=\/wp\/v2\/posts\/262\/revisions"}],"wp:attachment":[{"href":"https:\/\/wtztrzebinia.pl\/index.php?rest_route=%2Fwp%2Fv2%2Fmedia&parent=262"}],"wp:term":[{"taxonomy":"category","embeddable":true,"href":"https:\/\/wtztrzebinia.pl\/index.php?rest_route=%2Fwp%2Fv2%2Fcategories&post=262"},{"taxonomy":"post_tag","embeddable":true,"href":"https:\/\/wtztrzebinia.pl\/index.php?rest_route=%2Fwp%2Fv2%2Ftags&post=262"}],"curies":[{"name":"wp","href":"https:\/\/api.w.org\/{rel}","templated":true}]}}