{"id":261,"date":"2015-09-23T12:34:34","date_gmt":"2015-09-23T12:34:34","guid":{"rendered":"https:\/\/wtztrzebinia.pl\/?p=261"},"modified":"2015-09-23T12:34:34","modified_gmt":"2015-09-23T12:34:34","slug":"festyn-warsztatow-terapii-zajeciowej-23-09-2015r","status":"publish","type":"post","link":"https:\/\/wtztrzebinia.pl\/?p=261","title":{"rendered":"Festyn Warsztat\u00f3w Terapii Zaj\u0119ciowej \u2013 23.09.2015r."},"content":{"rendered":"<p>W pierwszy dzie\u0144 jesieni tego roku odby\u0142 si\u0119 Festyn Integracyjny Warsztat\u00f3w Terapii Zaj\u0119ciowej w Chrzanowie. Spotkanie to by\u0142o jednym z wielu wydarze\u0144 projektu pn. \u201eRazem Godnie i Szcz\u0119\u015bliwie \u2013 Ma\u0142opolskie Dni Os\u00f3b Niepe\u0142nosprawnych &#8211; Powiat Olkuski \u2013 Powiat Chrzanowski 2015\u201d.<\/p>\n<p><!--more--><\/p>\n<p>Festyn zosta\u0142 przygotowany przez Fundacj\u0119 im. Brata Alberta i jej trzy warsztaty dzia\u0142aj\u0105ce na terenie powiatu chrzanowskiego. Na festyn zjecha\u0142y wszystkie o\u015brodki zajmuj\u0105ce si\u0119 pomoc\u0105 osobom niepe\u0142nosprawnym w powiecie chrzanowskim oraz olkuskim. W spotkaniu wzi\u0119\u0142y udzia\u0142 warsztaty terapii zaj\u0119ciowej z Olkusza, Lgoty Wolbromskiej, Chrzanowa, Libi\u0105\u017ca i Trzebini, \u015arodowiskowe Domy Samopomocy z Babic i Chrzanowa, Powiatowy Dom Pomocy Spo\u0142ecznej z P\u0142azy oraz \u015awietlice Terapeutyczne z Chrzanowa, Libi\u0105\u017ca i Trzebini. W sumie spotkanie zgromadzi\u0142o oko\u0142o 300 os\u00f3b z r\u00f3\u017cnorak\u0105 niepe\u0142nosprawno\u015bci\u0105. Festyn rozpocz\u0105\u0142 si\u0119 przywitaniem go\u015bci i uroczystym otwarciem, kt\u00f3rego dokonali Starosta Powiatu Chrzanowskiego Janusz Szcz\u0119\u015bniak i Prezes Fundacji im. Brata Alberta Ks. Tadeusz Isakowicz- Zaleski. Podczas festynu odby\u0142y si\u0119 wyst\u0119py w wykonaniu artystyczne podopiecznych zaproszonych o\u015brodk\u00f3w, warsztaty r\u0119kodzielnicze, plastyczne i kreatywne. Dodatkowo uczestnicy festynu mogli spr\u00f3bowa\u0107 swoich si\u0142 w zakr\u0119conych konkurencjach zr\u0119czno\u015bciowych i mini turnieju boccia. Przez ca\u0142y czas towarzyszy\u0142y tym aktywno\u015bciom zabawy i animacje na weso\u0142o, konkursy sprawno\u015bciowe, nauka puszczania baniek mydlanych, ta\u0144ce i wsp\u00f3lne biesiadowanie. Na zako\u0144czenie dzielni arty\u015bci i r\u0119kodzielnicy otrzymali pami\u0105tkowe dyplomy i upominki. Spotkanie zosta\u0142o zorganizowane przy wsparciu finansowym Wojew\u00f3dztwa Ma\u0142opolskiego i Powiatu Chrzanowskiego. Wszystkim go\u015bciom, instytucjom, sponsorom i organizatorom sk\u0142adamy serdeczne podzi\u0119kowania!<\/p>\n","protected":false},"excerpt":{"rendered":"<p>W pierwszy dzie\u0144 jesieni tego roku odby\u0142 si\u0119 Festyn Integracyjny Warsztat\u00f3w Terapii Zaj\u0119ciowej w Chrzanowie. Spotkanie to by\u0142o jednym z wielu wydarze\u0144 projektu pn. \u201eRazem Godnie i Szcz\u0119\u015bliwie \u2013 Ma\u0142opolskie Dni Os\u00f3b Niepe\u0142nosprawnych &#8211; Powiat Olkuski \u2013 Powiat Chrzanowski 2015\u201d.<\/p>\n","protected":false},"author":1,"featured_media":0,"comment_status":"open","ping_status":"open","sticky":false,"template":"","format":"standard","meta":{"footnotes":""},"categories":[7],"tags":[],"class_list":["post-261","post","type-post","status-publish","format-standard","hentry","category-aktualnosci"],"_links":{"self":[{"href":"https:\/\/wtztrzebinia.pl\/index.php?rest_route=\/wp\/v2\/posts\/261","targetHints":{"allow":["GET"]}}],"collection":[{"href":"https:\/\/wtztrzebinia.pl\/index.php?rest_route=\/wp\/v2\/posts"}],"about":[{"href":"https:\/\/wtztrzebinia.pl\/index.php?rest_route=\/wp\/v2\/types\/post"}],"author":[{"embeddable":true,"href":"https:\/\/wtztrzebinia.pl\/index.php?rest_route=\/wp\/v2\/users\/1"}],"replies":[{"embeddable":true,"href":"https:\/\/wtztrzebinia.pl\/index.php?rest_route=%2Fwp%2Fv2%2Fcomments&post=261"}],"version-history":[{"count":0,"href":"https:\/\/wtztrzebinia.pl\/index.php?rest_route=\/wp\/v2\/posts\/261\/revisions"}],"wp:attachment":[{"href":"https:\/\/wtztrzebinia.pl\/index.php?rest_route=%2Fwp%2Fv2%2Fmedia&parent=261"}],"wp:term":[{"taxonomy":"category","embeddable":true,"href":"https:\/\/wtztrzebinia.pl\/index.php?rest_route=%2Fwp%2Fv2%2Fcategories&post=261"},{"taxonomy":"post_tag","embeddable":true,"href":"https:\/\/wtztrzebinia.pl\/index.php?rest_route=%2Fwp%2Fv2%2Ftags&post=261"}],"curies":[{"name":"wp","href":"https:\/\/api.w.org\/{rel}","templated":true}]}}