{"id":260,"date":"2015-07-30T10:17:20","date_gmt":"2015-07-30T10:17:20","guid":{"rendered":"https:\/\/wtztrzebinia.pl\/?p=260"},"modified":"2015-07-30T10:17:20","modified_gmt":"2015-07-30T10:17:20","slug":"holenderska-przygoda-21-07-29-07-2015r","status":"publish","type":"post","link":"https:\/\/wtztrzebinia.pl\/?p=260","title":{"rendered":"Holenderska przygoda \u2013 21.07-29.07.2015r."},"content":{"rendered":"<p>Po raz kolejny na zaproszenie holenderskiej organizacji pozarz\u0105dowej \u201eStichting Kinderhulp Polen\u201d grupa uczestnik\u00f3w z naszego warsztatu i \u015bwietlicy przebywa\u0142a w dniach 21.07.-29.07.15 w Holandii.<\/p>\n<p><!--more--><\/p>\n<p>&nbsp;<\/p>\n<p>Podczas pobytu gospodarze pokazali nam wiele ciekawych miejsc. Mieli\u015bmy okazj\u0119 zwiedzi\u0107 gospodarstwo agroturystyczne, w kt\u00f3rym prowadzona jest hipoterapia. Spr\u00f3bowali\u015bmy wi\u0119c oporz\u0105dza\u0107 konie, bawi\u0107 si\u0119 z nimi na padoku, je\u017adzi\u0107 konno oraz uczy\u0107 si\u0119 wolty\u017cerki. Odwiedzili\u015bmy tak\u017ce holenderskich skaut\u00f3w, gdzie przez ca\u0142y dzie\u0144 wsp\u00f3lnie bawili\u015bmy si\u0119 i aktywnie sp\u0119dzali\u015bmy czas na grach sportowych bior\u0105c udzia\u0142 w spartakiadzie sprawno\u015bciowej. Jak to zwykle podczas naszych pobyt\u00f3w w Holandii bywa, i tym razem spr\u00f3bowali\u015bmy swoich si\u0142 na stanowiskach pracy w fabryce fotelik\u00f3w samochodowych Maxi Cosi. Gospodarze zafundowali nam tak\u017ce wizyt\u0119 w bajkowym parku rozrywki Efteling oraz wycieczk\u0119 do skansenu wiatrak\u00f3w w Zaandam i do Amsterdamu. T\u0119 ostatni\u0105 zapami\u0119tamy na d\u0142ugo poniewa\u017c w tym dniu w Holandii by\u0142a taka wichura i ulewa, jakiej nie pami\u0119taj\u0105 najstarsi jej mieszka\u0144cy\u2026kr\u00f3tko m\u00f3wi\u0105c przemokli\u015bmy do ostatniej niteczki. Na zako\u0144czenie naszego pobytu odby\u0142o si\u0119 wsp\u00f3lne spotkanie naszej grupy, gospodarzy, sponsor\u00f3w i przyjaci\u00f3\u0142 SKP. Zdj\u0119cia z pobytu do obejrzenia w naszej galerii i na FB.<\/p>\n","protected":false},"excerpt":{"rendered":"<p>Po raz kolejny na zaproszenie holenderskiej organizacji pozarz\u0105dowej \u201eStichting Kinderhulp Polen\u201d grupa uczestnik\u00f3w z naszego warsztatu i \u015bwietlicy przebywa\u0142a w dniach 21.07.-29.07.15 w Holandii.<\/p>\n","protected":false},"author":1,"featured_media":0,"comment_status":"open","ping_status":"open","sticky":false,"template":"","format":"standard","meta":{"footnotes":""},"categories":[7],"tags":[],"class_list":["post-260","post","type-post","status-publish","format-standard","hentry","category-aktualnosci"],"_links":{"self":[{"href":"https:\/\/wtztrzebinia.pl\/index.php?rest_route=\/wp\/v2\/posts\/260","targetHints":{"allow":["GET"]}}],"collection":[{"href":"https:\/\/wtztrzebinia.pl\/index.php?rest_route=\/wp\/v2\/posts"}],"about":[{"href":"https:\/\/wtztrzebinia.pl\/index.php?rest_route=\/wp\/v2\/types\/post"}],"author":[{"embeddable":true,"href":"https:\/\/wtztrzebinia.pl\/index.php?rest_route=\/wp\/v2\/users\/1"}],"replies":[{"embeddable":true,"href":"https:\/\/wtztrzebinia.pl\/index.php?rest_route=%2Fwp%2Fv2%2Fcomments&post=260"}],"version-history":[{"count":0,"href":"https:\/\/wtztrzebinia.pl\/index.php?rest_route=\/wp\/v2\/posts\/260\/revisions"}],"wp:attachment":[{"href":"https:\/\/wtztrzebinia.pl\/index.php?rest_route=%2Fwp%2Fv2%2Fmedia&parent=260"}],"wp:term":[{"taxonomy":"category","embeddable":true,"href":"https:\/\/wtztrzebinia.pl\/index.php?rest_route=%2Fwp%2Fv2%2Fcategories&post=260"},{"taxonomy":"post_tag","embeddable":true,"href":"https:\/\/wtztrzebinia.pl\/index.php?rest_route=%2Fwp%2Fv2%2Ftags&post=260"}],"curies":[{"name":"wp","href":"https:\/\/api.w.org\/{rel}","templated":true}]}}