{"id":257,"date":"2015-06-29T12:33:49","date_gmt":"2015-06-29T12:33:49","guid":{"rendered":"https:\/\/wtztrzebinia.pl\/?p=257"},"modified":"2015-06-29T12:33:49","modified_gmt":"2015-06-29T12:33:49","slug":"mily-gosc-w-naszym-warsztacie-29-06-2015r","status":"publish","type":"post","link":"https:\/\/wtztrzebinia.pl\/?p=257","title":{"rendered":"Mi\u0142y Go\u015b\u0107 w naszym warsztacie \u2013 29.06.2015r."},"content":{"rendered":"<p>W ostatnim dniu wizytacji kanonicznej w naszej parafii \u015aw. Aposto\u0142\u00f3w Piotra i Paw\u0142a w Trzebini odwiedzi\u0142 nas Ksi\u0105dz Biskup Jan Szkodo\u0144.<\/p>\n<p><!--more--><\/p>\n<p>Oprowadzili\u015bmy mi\u0142ego go\u015bcia po wszystkich pracowniach warsztatowych, opowiedzieli\u015bmy o naszej pracy, pokazali\u015bmy jej efekty. Kr\u00f3tko m\u00f3wi\u0105c chwalili\u015bmy si\u0119 na ca\u0142ego! Po kr\u00f3tkim spotkaniu z uczestnikami i pracownikami, odm\u00f3wili\u015bmy wsp\u00f3lnie modlitw\u0119 i Ksi\u0105dz Biskup udzieli\u0142 nam B\u0142ogos\u0142awie\u0144stwa. Na pami\u0105tk\u0119 tej wizyty wr\u0119czyli\u015bmy Ksi\u0119dzu Biskupowi krzy\u017c wykonany w pracowni plastycznej oraz nasze trzebi\u0144skie wafle. Na koniec pochwalili\u015bmy si\u0119 naszym ogrodem.<\/p>\n","protected":false},"excerpt":{"rendered":"<p>W ostatnim dniu wizytacji kanonicznej w naszej parafii \u015aw. Aposto\u0142\u00f3w Piotra i Paw\u0142a w Trzebini odwiedzi\u0142 nas Ksi\u0105dz Biskup Jan Szkodo\u0144.<\/p>\n","protected":false},"author":1,"featured_media":0,"comment_status":"open","ping_status":"open","sticky":false,"template":"","format":"standard","meta":{"footnotes":""},"categories":[7],"tags":[],"class_list":["post-257","post","type-post","status-publish","format-standard","hentry","category-aktualnosci"],"_links":{"self":[{"href":"https:\/\/wtztrzebinia.pl\/index.php?rest_route=\/wp\/v2\/posts\/257","targetHints":{"allow":["GET"]}}],"collection":[{"href":"https:\/\/wtztrzebinia.pl\/index.php?rest_route=\/wp\/v2\/posts"}],"about":[{"href":"https:\/\/wtztrzebinia.pl\/index.php?rest_route=\/wp\/v2\/types\/post"}],"author":[{"embeddable":true,"href":"https:\/\/wtztrzebinia.pl\/index.php?rest_route=\/wp\/v2\/users\/1"}],"replies":[{"embeddable":true,"href":"https:\/\/wtztrzebinia.pl\/index.php?rest_route=%2Fwp%2Fv2%2Fcomments&post=257"}],"version-history":[{"count":0,"href":"https:\/\/wtztrzebinia.pl\/index.php?rest_route=\/wp\/v2\/posts\/257\/revisions"}],"wp:attachment":[{"href":"https:\/\/wtztrzebinia.pl\/index.php?rest_route=%2Fwp%2Fv2%2Fmedia&parent=257"}],"wp:term":[{"taxonomy":"category","embeddable":true,"href":"https:\/\/wtztrzebinia.pl\/index.php?rest_route=%2Fwp%2Fv2%2Fcategories&post=257"},{"taxonomy":"post_tag","embeddable":true,"href":"https:\/\/wtztrzebinia.pl\/index.php?rest_route=%2Fwp%2Fv2%2Ftags&post=257"}],"curies":[{"name":"wp","href":"https:\/\/api.w.org\/{rel}","templated":true}]}}