{"id":256,"date":"2015-06-26T11:09:56","date_gmt":"2015-06-26T11:09:56","guid":{"rendered":"https:\/\/wtztrzebinia.pl\/?p=256"},"modified":"2015-06-26T11:09:56","modified_gmt":"2015-06-26T11:09:56","slug":"final-akademii-zycia-2015-26-06-2015r","status":"publish","type":"post","link":"https:\/\/wtztrzebinia.pl\/?p=256","title":{"rendered":"Fina\u0142 \u201eAkademii \u017bycia &#8211; 2015\u201d \u2013 26.06.2015r."},"content":{"rendered":"<p style=\"margin: 0cm 0cm 0.0001pt;\"><span style=\"font-size: 11pt; font-family: 'Calibri','sans-serif';\">W okresie od 01.04.15 do 26.06.15 po raz kolejny uczestnicy naszych Warsztat\u00f3w brali udzia\u0142 w cyklu zaj\u0119\u0107 dodatkowych w ramach zadania publicznego \u201eAkademia \u017cycia &#8211; 2015\u201d \u2013 dofinansowanego przez Gmin\u0119 Trzebina w ramach zada\u0144 zleconych.<\/span><\/p>\n<p><!--more--><\/p>\n<p style=\"margin: 0cm 0cm 0.0001pt;\"><span style=\"font-size: 11pt; font-family: 'Calibri','sans-serif';\"><\/span><\/p>\n<p style=\"margin: 0cm 0cm 0.0001pt;\"><span style=\"font-size: 11pt; font-family: 'Calibri','sans-serif';\">Podczas realizacji tej edycji \u201eAkademii \u017cycia\u201d uczestnicy odkrywali drewniane kapliczki i ko\u015bcio\u0142y w naszej bli\u017cszej lub dalszej okolicy, uczyli si\u0119 piec chleb na zakwasie i robili prawdziwe mas\u0142o. Wszyscy brali te\u017c udzia\u0142 w zaj\u0119ciach o zdrowym trybie \u017cycia i racjonalnym od\u017cywaniu, komunikowaniu si\u0119 poprzez dost\u0119pne multimedia oraz w zaj\u0119ciach z zakresu aktywno\u015bci spo\u0142ecznej i empatii wobec innych os\u00f3b pt. \u201eCz\u0142owiek tyle jest wart, ile mo\u017ce da\u0107 drugiemu cz\u0142owiekowi\u201d czy te\u017c <\/span><span style=\"font-size: 11pt; font-family: 'Calibri','sans-serif';\">\u201eJa i inni &#8211; integracja, akceptacja, tolerancja\u201d &#8211; zaj\u0119ciach k<\/span><span style=\"font-size: 11pt; font-family: 'Calibri','sans-serif';\">szta\u0142tuj\u0105cych zachowania prospo\u0142eczne. <\/span><\/p>\n<p style=\"margin: 0cm 0cm 0.0001pt;\"><span style=\"font-size: 11pt; font-family: 'Calibri','sans-serif';\">Zako\u0144czenie projektu odby\u0142o si\u0119 26.06.15r. i mia\u0142o radosny charakter. Ka\u017cdy z absolwent\u00f3w edycji \u201eAkademii \u017cycia 2015\u201d otrzyma\u0142 pami\u0105tkowy dyplom. Na zako\u0144czenie odby\u0142a si\u0119 te\u017c sesja fotograficzna, w naszym warsztatowym ogrodzie, kt\u00f3ry powsta\u0142 tak\u017ce z udzia\u0142em \u015brodk\u00f3w z tej dotacji. Efekty naszej pracy mo\u017cna obejrze\u0107 w galerii i na FB. <\/span><\/p>\n","protected":false},"excerpt":{"rendered":"<p>W okresie od 01.04.15 do 26.06.15 po raz kolejny uczestnicy naszych Warsztat\u00f3w brali udzia\u0142 w cyklu zaj\u0119\u0107 dodatkowych w ramach zadania publicznego \u201eAkademia \u017cycia &#8211; 2015\u201d \u2013 dofinansowanego przez Gmin\u0119 Trzebina w ramach zada\u0144 zleconych.<\/p>\n","protected":false},"author":1,"featured_media":0,"comment_status":"open","ping_status":"open","sticky":false,"template":"","format":"standard","meta":{"footnotes":""},"categories":[7],"tags":[],"class_list":["post-256","post","type-post","status-publish","format-standard","hentry","category-aktualnosci"],"_links":{"self":[{"href":"https:\/\/wtztrzebinia.pl\/index.php?rest_route=\/wp\/v2\/posts\/256","targetHints":{"allow":["GET"]}}],"collection":[{"href":"https:\/\/wtztrzebinia.pl\/index.php?rest_route=\/wp\/v2\/posts"}],"about":[{"href":"https:\/\/wtztrzebinia.pl\/index.php?rest_route=\/wp\/v2\/types\/post"}],"author":[{"embeddable":true,"href":"https:\/\/wtztrzebinia.pl\/index.php?rest_route=\/wp\/v2\/users\/1"}],"replies":[{"embeddable":true,"href":"https:\/\/wtztrzebinia.pl\/index.php?rest_route=%2Fwp%2Fv2%2Fcomments&post=256"}],"version-history":[{"count":0,"href":"https:\/\/wtztrzebinia.pl\/index.php?rest_route=\/wp\/v2\/posts\/256\/revisions"}],"wp:attachment":[{"href":"https:\/\/wtztrzebinia.pl\/index.php?rest_route=%2Fwp%2Fv2%2Fmedia&parent=256"}],"wp:term":[{"taxonomy":"category","embeddable":true,"href":"https:\/\/wtztrzebinia.pl\/index.php?rest_route=%2Fwp%2Fv2%2Fcategories&post=256"},{"taxonomy":"post_tag","embeddable":true,"href":"https:\/\/wtztrzebinia.pl\/index.php?rest_route=%2Fwp%2Fv2%2Ftags&post=256"}],"curies":[{"name":"wp","href":"https:\/\/api.w.org\/{rel}","templated":true}]}}