{"id":255,"date":"2015-06-25T14:17:41","date_gmt":"2015-06-25T14:17:41","guid":{"rendered":"https:\/\/wtztrzebinia.pl\/?p=255"},"modified":"2015-06-25T14:17:41","modified_gmt":"2015-06-25T14:17:41","slug":"dzien-patrona-w-trzebini-25-06-2015r","status":"publish","type":"post","link":"https:\/\/wtztrzebinia.pl\/?p=255","title":{"rendered":"Dzie\u0144 Patrona w Trzebini \u2013 25.06.2015r."},"content":{"rendered":"<p>W dniu 25.06.2015r. odby\u0142 si\u0119 w naszych trzebi\u0144skich jednostkach Fundacji doroczny Dzie\u0144 Patrona Fundacji &#8211; \u015aw. Brata Alberta.<\/p>\n<p><!--more--><\/p>\n<p>Nasze czerwcowe \u015bwi\u0119towanie tradycyjnie rozpocz\u0119\u0142a uroczysta msza \u015bwi\u0119ta w Ko\u015bciele pw. \u015aw. Aposto\u0142\u00f3w Piotra i Paw\u0142a w Trzebini. Msze \u015bwi\u0119t\u0105 odprawiali Ksi\u0105dz Dziekan Stanis\u0142aw Krzysik i Ksi\u0105dz Prezes Tadeusz Isakowicz \u2013 Zaleski. Opraw\u0119 muzyczn\u0105 przygotowa\u0142a Siostra Renata Pilarska wraz z m\u0142odzie\u017c\u0105 z ZSTU w Trzebini. Po mszy \u015bwi\u0119towanie przenios\u0142o si\u0119 z Ko\u015bcio\u0142a na scen\u0119 polow\u0105 przed budynek Warsztatu. Podczas prezentacji artystycznych wyst\u0105pi\u0142 zesp\u00f3\u0142 \u201eTalarki\u201d ze \u015awietlicy Terapeutycznej oraz zesp\u00f3\u0142 \u201eThe Best\u201d z WTZ-t\u00f3w. Po kr\u00f3tkiej cz\u0119\u015bci artystycznej wszyscy go\u015bcie wraz z gospodarzami udali si\u0119 na uroczyste otwarcie naszego warsztatowego ogrodu, kt\u00f3ry przygotowywali\u015bmy na t\u0119 chwile od wczesnej wiosny. Uroczy\u015bcie, cho\u0107 po kawa\u0142eczku wst\u0119g\u0119 przecinali, Ksi\u0105dz Prezes Tadeusz Isakowicz-Zaleski, Ks. Dziekan Stanis\u0142aw Krzysik, Pan Miros\u0142aw Cholewa \u2013 Dyrektor Zak\u0142adu Karnegio w Trzebini i Pani Krystyna Karnas. Po czym nast\u0105pi\u0142 uroczysty korow\u00f3d przez nasze nowe w\u0142o\u015bci warsztatowe, a na ko\u0144cu ogrodu wypr\u00f3bowali\u015bmy grupowo nasze nowe palenisko i siedziska (wykonane w pracowniach warsztatowych ze skrzynek po jab\u0142kach). Po tych wra\u017ceniach rozpocz\u0119\u0142o si\u0119 wsp\u00f3lne biesiadowanie w lu\u017anej, przyjacielskiej atmosferze, rozmowy i pogaduchy, wspominki. Dodatkowo wszyscy ch\u0119tni smakosze mogli zaopatrzy\u0107 si\u0119 na naszym warsztatowym stoisku w przetwory domowe wykonane przez podopiecznych warsztat\u00f3w i \u015bwietlicy podczas zaj\u0119\u0107 terapeutycznych. By\u0142 \u017curek, smalczyk, wafle holenderskie, og\u00f3rki kiszone, d\u017cem truskawkowy, oliwa z zio\u0142ami, papryka konserwowa i jab\u0142ka na szarlotk\u0119\u2026<\/p>\n<p>Wyj\u0105tkow\u0105 niespodziank\u0119 dla wszystkich zrobi\u0142a firma \u201eManufaktura Krakowska\u201d, kt\u00f3ra ze specjalnego wozu nazywanego \u201efoodtrack-iem\u201d serwowa\u0142a frytki belgijskie z przer\u00f3\u017cnymi sosami. Dzi\u0119kujemy bardzo za t\u0119 atrakcj\u0119! W organizacji tego spotkania pomagali nam tak\u017ce podopieczni i pracownicy Warsztatu i \u015awietlicy, rodzice i opiekunowie, darczy\u0144cy i sponsorzy oraz wolontariusze z Zespo\u0142u Szk\u00f3\u0142 Techniczno-Us\u0142ugowych w Trzebini. Wszystkim gor\u0105co dzi\u0119kujemy!<\/p>\n","protected":false},"excerpt":{"rendered":"<p>W dniu 25.06.2015r. odby\u0142 si\u0119 w naszych trzebi\u0144skich jednostkach Fundacji doroczny Dzie\u0144 Patrona Fundacji &#8211; \u015aw. Brata Alberta.<\/p>\n","protected":false},"author":1,"featured_media":0,"comment_status":"open","ping_status":"open","sticky":false,"template":"","format":"standard","meta":{"footnotes":""},"categories":[7],"tags":[],"class_list":["post-255","post","type-post","status-publish","format-standard","hentry","category-aktualnosci"],"_links":{"self":[{"href":"https:\/\/wtztrzebinia.pl\/index.php?rest_route=\/wp\/v2\/posts\/255","targetHints":{"allow":["GET"]}}],"collection":[{"href":"https:\/\/wtztrzebinia.pl\/index.php?rest_route=\/wp\/v2\/posts"}],"about":[{"href":"https:\/\/wtztrzebinia.pl\/index.php?rest_route=\/wp\/v2\/types\/post"}],"author":[{"embeddable":true,"href":"https:\/\/wtztrzebinia.pl\/index.php?rest_route=\/wp\/v2\/users\/1"}],"replies":[{"embeddable":true,"href":"https:\/\/wtztrzebinia.pl\/index.php?rest_route=%2Fwp%2Fv2%2Fcomments&post=255"}],"version-history":[{"count":0,"href":"https:\/\/wtztrzebinia.pl\/index.php?rest_route=\/wp\/v2\/posts\/255\/revisions"}],"wp:attachment":[{"href":"https:\/\/wtztrzebinia.pl\/index.php?rest_route=%2Fwp%2Fv2%2Fmedia&parent=255"}],"wp:term":[{"taxonomy":"category","embeddable":true,"href":"https:\/\/wtztrzebinia.pl\/index.php?rest_route=%2Fwp%2Fv2%2Fcategories&post=255"},{"taxonomy":"post_tag","embeddable":true,"href":"https:\/\/wtztrzebinia.pl\/index.php?rest_route=%2Fwp%2Fv2%2Ftags&post=255"}],"curies":[{"name":"wp","href":"https:\/\/api.w.org\/{rel}","templated":true}]}}