{"id":254,"date":"2015-06-15T06:13:24","date_gmt":"2015-06-15T06:13:24","guid":{"rendered":"https:\/\/wtztrzebinia.pl\/?p=254"},"modified":"2015-06-15T06:13:24","modified_gmt":"2015-06-15T06:13:24","slug":"nasz-nowy-ogrod-15-06-2015r","status":"publish","type":"post","link":"https:\/\/wtztrzebinia.pl\/?p=254","title":{"rendered":"Nasz nowy ogr\u00f3d \u2013 15.06.2015r."},"content":{"rendered":"<p>Od wczesnej wiosny ca\u0142y nasz warsztat pracuje intensywnie w ogrodzie. Dzi\u0119ki uprzejmo\u015bci Ksi\u0119dza proboszcza Stanis\u0142awa Bercal parafia \u015aw. Aposto\u0142\u00f3w Piotra i Paw\u0142a w Trzebini udost\u0119pni\u0142a nam cz\u0119\u015b\u0107 ogrodu pleba\u0144skiego.<\/p>\n<p><!--more--><\/p>\n<p>Postanowili\u015bmy urz\u0105dzi\u0107 w nim przyjemny zak\u0105tek dla naszych uczestnik\u00f3w. B\u0119dzie tam miejsce na wsp\u00f3lne ognisko, rabatki, ogr\u00f3dki skalne, miejsce do rekreacji i co tam sobie tylko wymy\u015blimy. Planujemy oficjalnie otworzy\u0107 bram\u0119 i po\u015bwi\u0119ci\u0107 nasz zielony zak\u0105tek podczas obchod\u00f3w Dnia Patrona Fundacji, kt\u00f3re odb\u0119dzie si\u0119 u nas 25.06.2015. To ju\u017c nied\u0142ugo! Trzymajcie za nas kciuki, \u017ceby\u015bmy dali rad\u0119! Jak zwykle w naszej galerii zdj\u0119cia do obejrzenia.<\/p>\n","protected":false},"excerpt":{"rendered":"<p>Od wczesnej wiosny ca\u0142y nasz warsztat pracuje intensywnie w ogrodzie. Dzi\u0119ki uprzejmo\u015bci Ksi\u0119dza proboszcza Stanis\u0142awa Bercal parafia \u015aw. Aposto\u0142\u00f3w Piotra i Paw\u0142a w Trzebini udost\u0119pni\u0142a nam cz\u0119\u015b\u0107 ogrodu pleba\u0144skiego.<\/p>\n","protected":false},"author":1,"featured_media":0,"comment_status":"open","ping_status":"open","sticky":false,"template":"","format":"standard","meta":{"footnotes":""},"categories":[7],"tags":[],"class_list":["post-254","post","type-post","status-publish","format-standard","hentry","category-aktualnosci"],"_links":{"self":[{"href":"https:\/\/wtztrzebinia.pl\/index.php?rest_route=\/wp\/v2\/posts\/254","targetHints":{"allow":["GET"]}}],"collection":[{"href":"https:\/\/wtztrzebinia.pl\/index.php?rest_route=\/wp\/v2\/posts"}],"about":[{"href":"https:\/\/wtztrzebinia.pl\/index.php?rest_route=\/wp\/v2\/types\/post"}],"author":[{"embeddable":true,"href":"https:\/\/wtztrzebinia.pl\/index.php?rest_route=\/wp\/v2\/users\/1"}],"replies":[{"embeddable":true,"href":"https:\/\/wtztrzebinia.pl\/index.php?rest_route=%2Fwp%2Fv2%2Fcomments&post=254"}],"version-history":[{"count":0,"href":"https:\/\/wtztrzebinia.pl\/index.php?rest_route=\/wp\/v2\/posts\/254\/revisions"}],"wp:attachment":[{"href":"https:\/\/wtztrzebinia.pl\/index.php?rest_route=%2Fwp%2Fv2%2Fmedia&parent=254"}],"wp:term":[{"taxonomy":"category","embeddable":true,"href":"https:\/\/wtztrzebinia.pl\/index.php?rest_route=%2Fwp%2Fv2%2Fcategories&post=254"},{"taxonomy":"post_tag","embeddable":true,"href":"https:\/\/wtztrzebinia.pl\/index.php?rest_route=%2Fwp%2Fv2%2Ftags&post=254"}],"curies":[{"name":"wp","href":"https:\/\/api.w.org\/{rel}","templated":true}]}}