{"id":252,"date":"2015-06-03T12:00:38","date_gmt":"2015-06-03T12:00:38","guid":{"rendered":"https:\/\/wtztrzebinia.pl\/?p=252"},"modified":"2015-06-03T12:00:38","modified_gmt":"2015-06-03T12:00:38","slug":"akademia-zycia-z-wizyta-w-czernej-03-06-2015","status":"publish","type":"post","link":"https:\/\/wtztrzebinia.pl\/?p=252","title":{"rendered":"\u201eAkademia \u017bycia\u201d z wizyt\u0105 w Czernej \u2013 03.06.2015"},"content":{"rendered":"<p>Dzisiaj w ramach naszej warsztatowej \u201eAkademii \u017cycia-2015\u201d wybrali\u015bmy si\u0119 z wizyt\u0105 do Czernej. Nie by\u0142a to zwyk\u0142a wycieczka.<\/p>\n<p><!--more--><\/p>\n<p>Opr\u00f3cz zaplanowanego zwiedzania muzeum, klasztoru i chwili wyciszenia postanowili\u015bmy zrobi\u0107 co\u015b dla innych. Pomogli\u015bmy braciszkom zakonnym zadba\u0107 o przyklasztorny cmentarz. Ka\u017cdy jak umia\u0142 tak pracowa\u0142. Myli\u015bmy tabliczki i tablice, omiatali\u015bmy krzy\u017ce z paj\u0119czyn, pielili\u015bmy rabatki a na koniec podlali\u015bmy spragnione ro\u015bliny. Jak to mi\u0142o czasem zrobi\u0107 co\u015b mi\u0142ego dla innych!<\/p>\n<p>Na koniec chcemy przypomnie\u0107 , \u017ce wszystkie nasze dodatkowe zaj\u0119cia jakie odbywaj\u0105 si\u0119 w ramach \u201eAkademii \u017cycia-2015\u201d dofinansowuje Gmina Trzebinia w ramach publicznych zada\u0144 zlecanych. Projekt realizujemy z udzia\u0142em naszych uczestnik\u00f3w od 01.04.2015 do 26.06.2015r.<\/p>\n","protected":false},"excerpt":{"rendered":"<p>Dzisiaj w ramach naszej warsztatowej \u201eAkademii \u017cycia-2015\u201d wybrali\u015bmy si\u0119 z wizyt\u0105 do Czernej. Nie by\u0142a to zwyk\u0142a wycieczka.<\/p>\n","protected":false},"author":1,"featured_media":0,"comment_status":"open","ping_status":"open","sticky":false,"template":"","format":"standard","meta":{"footnotes":""},"categories":[7],"tags":[],"class_list":["post-252","post","type-post","status-publish","format-standard","hentry","category-aktualnosci"],"_links":{"self":[{"href":"https:\/\/wtztrzebinia.pl\/index.php?rest_route=\/wp\/v2\/posts\/252","targetHints":{"allow":["GET"]}}],"collection":[{"href":"https:\/\/wtztrzebinia.pl\/index.php?rest_route=\/wp\/v2\/posts"}],"about":[{"href":"https:\/\/wtztrzebinia.pl\/index.php?rest_route=\/wp\/v2\/types\/post"}],"author":[{"embeddable":true,"href":"https:\/\/wtztrzebinia.pl\/index.php?rest_route=\/wp\/v2\/users\/1"}],"replies":[{"embeddable":true,"href":"https:\/\/wtztrzebinia.pl\/index.php?rest_route=%2Fwp%2Fv2%2Fcomments&post=252"}],"version-history":[{"count":0,"href":"https:\/\/wtztrzebinia.pl\/index.php?rest_route=\/wp\/v2\/posts\/252\/revisions"}],"wp:attachment":[{"href":"https:\/\/wtztrzebinia.pl\/index.php?rest_route=%2Fwp%2Fv2%2Fmedia&parent=252"}],"wp:term":[{"taxonomy":"category","embeddable":true,"href":"https:\/\/wtztrzebinia.pl\/index.php?rest_route=%2Fwp%2Fv2%2Fcategories&post=252"},{"taxonomy":"post_tag","embeddable":true,"href":"https:\/\/wtztrzebinia.pl\/index.php?rest_route=%2Fwp%2Fv2%2Ftags&post=252"}],"curies":[{"name":"wp","href":"https:\/\/api.w.org\/{rel}","templated":true}]}}