{"id":250,"date":"2015-05-30T17:19:48","date_gmt":"2015-05-30T17:19:48","guid":{"rendered":"https:\/\/wtztrzebinia.pl\/?p=250"},"modified":"2015-05-30T17:19:48","modified_gmt":"2015-05-30T17:19:48","slug":"trzebinski-festyn-z-okazji-dnia-matki-i-dziecka-30-05-2015r","status":"publish","type":"post","link":"https:\/\/wtztrzebinia.pl\/?p=250","title":{"rendered":"Trzebi\u0144ski Festyn z okazji Dnia Matki i Dziecka \u2013 30.05.2015r."},"content":{"rendered":"<p>Jak co roku i tym razem nieopodal naszych Warsztat\u00f3w odby\u0142 si\u0119 festyn z okazji Dnia Matki i Dziecka.<\/p>\n<p><!--more--><\/p>\n<p>Jak to podczas festynu by\u0142y wyst\u0119py naszych podopiecznych, przedszkolak\u00f3w, ta\u0144ce integracyjne, zabawy, kramy ze s\u0142odyczami i kiermasze, w tym tak\u017ce z pracami naszych podopiecznych. Na koniec, jak festynowa tradycja ka\u017ce by\u0142 wyst\u0119p gwiazdy wieczoru. Tym razem popularne przeboje, polskie i nie tylko, zagra\u0142 dla wszystkich zesp\u00f3\u0142 \u201eThe Postman\u201d. Pogoda prawie dopisa\u0142a wi\u0119c dobra zabawa by\u0142a gwarantowana. W galerii mo\u017cna obejrze\u0107 kilka fotek.<\/p>\n","protected":false},"excerpt":{"rendered":"<p>Jak co roku i tym razem nieopodal naszych Warsztat\u00f3w odby\u0142 si\u0119 festyn z okazji Dnia Matki i Dziecka.<\/p>\n","protected":false},"author":1,"featured_media":0,"comment_status":"open","ping_status":"open","sticky":false,"template":"","format":"standard","meta":{"footnotes":""},"categories":[7],"tags":[],"class_list":["post-250","post","type-post","status-publish","format-standard","hentry","category-aktualnosci"],"_links":{"self":[{"href":"https:\/\/wtztrzebinia.pl\/index.php?rest_route=\/wp\/v2\/posts\/250","targetHints":{"allow":["GET"]}}],"collection":[{"href":"https:\/\/wtztrzebinia.pl\/index.php?rest_route=\/wp\/v2\/posts"}],"about":[{"href":"https:\/\/wtztrzebinia.pl\/index.php?rest_route=\/wp\/v2\/types\/post"}],"author":[{"embeddable":true,"href":"https:\/\/wtztrzebinia.pl\/index.php?rest_route=\/wp\/v2\/users\/1"}],"replies":[{"embeddable":true,"href":"https:\/\/wtztrzebinia.pl\/index.php?rest_route=%2Fwp%2Fv2%2Fcomments&post=250"}],"version-history":[{"count":0,"href":"https:\/\/wtztrzebinia.pl\/index.php?rest_route=\/wp\/v2\/posts\/250\/revisions"}],"wp:attachment":[{"href":"https:\/\/wtztrzebinia.pl\/index.php?rest_route=%2Fwp%2Fv2%2Fmedia&parent=250"}],"wp:term":[{"taxonomy":"category","embeddable":true,"href":"https:\/\/wtztrzebinia.pl\/index.php?rest_route=%2Fwp%2Fv2%2Fcategories&post=250"},{"taxonomy":"post_tag","embeddable":true,"href":"https:\/\/wtztrzebinia.pl\/index.php?rest_route=%2Fwp%2Fv2%2Ftags&post=250"}],"curies":[{"name":"wp","href":"https:\/\/api.w.org\/{rel}","templated":true}]}}