{"id":249,"date":"2015-05-28T13:19:25","date_gmt":"2015-05-28T13:19:25","guid":{"rendered":"https:\/\/wtztrzebinia.pl\/?p=249"},"modified":"2015-05-28T13:19:25","modified_gmt":"2015-05-28T13:19:25","slug":"integracja-przez-taniec-sds-chrzanow-28-05-2015","status":"publish","type":"post","link":"https:\/\/wtztrzebinia.pl\/?p=249","title":{"rendered":"Integracja przez taniec \u2013 \u015aDS Chrzan\u00f3w \u2013 28.05.2015"},"content":{"rendered":"<p>Dzisiaj mogli\u015bmy zaprezentowa\u0107 nasz nowy uk\u0142ad taneczny podczas \u201eDni otwartych \u015arodowiskowych Dom\u00f3w Samopomocy w Chrzanowie\u201d.<\/p>\n<p><!--more--><\/p>\n<p>By\u0142o to ju\u017c kolejne spotkanie z cyklu \u201eRazem Godnie i Szcz\u0119\u015bliwie \u2013 Ma\u0142opolskie Dni Os\u00f3b Niepe\u0142nosprawnych. Powiat Olkuski \u2013 Powiat Chrzanowski 2015\u201d. Podczas spotkania odby\u0142 konkurs ta\u0144c\u00f3w integracyjnych, warsztaty taneczne i warsztaty karaoke i kilka innych fajnych wydarze\u0144. Nasza rado\u015b\u0107 by\u0142a ogromna jak okaza\u0142o si\u0119, \u017ce zdobyli\u015bmy I nagrod\u0119 w konkursie ta\u0144ca. Taka mi\u0142a niespodzianka! Jak zwykle by\u0142 te\u017c pocz\u0119stunek i \u015bwietna zabawa! Dzi\u0119kujemy za zaproszenie!<\/p>\n","protected":false},"excerpt":{"rendered":"<p>Dzisiaj mogli\u015bmy zaprezentowa\u0107 nasz nowy uk\u0142ad taneczny podczas \u201eDni otwartych \u015arodowiskowych Dom\u00f3w Samopomocy w Chrzanowie\u201d.<\/p>\n","protected":false},"author":1,"featured_media":0,"comment_status":"open","ping_status":"open","sticky":false,"template":"","format":"standard","meta":{"footnotes":""},"categories":[7],"tags":[],"class_list":["post-249","post","type-post","status-publish","format-standard","hentry","category-aktualnosci"],"_links":{"self":[{"href":"https:\/\/wtztrzebinia.pl\/index.php?rest_route=\/wp\/v2\/posts\/249","targetHints":{"allow":["GET"]}}],"collection":[{"href":"https:\/\/wtztrzebinia.pl\/index.php?rest_route=\/wp\/v2\/posts"}],"about":[{"href":"https:\/\/wtztrzebinia.pl\/index.php?rest_route=\/wp\/v2\/types\/post"}],"author":[{"embeddable":true,"href":"https:\/\/wtztrzebinia.pl\/index.php?rest_route=\/wp\/v2\/users\/1"}],"replies":[{"embeddable":true,"href":"https:\/\/wtztrzebinia.pl\/index.php?rest_route=%2Fwp%2Fv2%2Fcomments&post=249"}],"version-history":[{"count":0,"href":"https:\/\/wtztrzebinia.pl\/index.php?rest_route=\/wp\/v2\/posts\/249\/revisions"}],"wp:attachment":[{"href":"https:\/\/wtztrzebinia.pl\/index.php?rest_route=%2Fwp%2Fv2%2Fmedia&parent=249"}],"wp:term":[{"taxonomy":"category","embeddable":true,"href":"https:\/\/wtztrzebinia.pl\/index.php?rest_route=%2Fwp%2Fv2%2Fcategories&post=249"},{"taxonomy":"post_tag","embeddable":true,"href":"https:\/\/wtztrzebinia.pl\/index.php?rest_route=%2Fwp%2Fv2%2Ftags&post=249"}],"curies":[{"name":"wp","href":"https:\/\/api.w.org\/{rel}","templated":true}]}}