{"id":248,"date":"2015-05-26T13:52:23","date_gmt":"2015-05-26T13:52:23","guid":{"rendered":"https:\/\/wtztrzebinia.pl\/?p=248"},"modified":"2015-05-26T13:52:23","modified_gmt":"2015-05-26T13:52:23","slug":"xii-ogolnopolski-piknik-muzyczny-w-trzebini-26-05-2015r","status":"publish","type":"post","link":"https:\/\/wtztrzebinia.pl\/?p=248","title":{"rendered":"XII Og\u00f3lnopolski Piknik Muzyczny w Trzebini \u2013 26.05.2015r."},"content":{"rendered":"<p style=\"margin-bottom: 0.0001pt; line-height: normal;\"><span>W ulewny Dzie\u0144 Matki nasze trzebi\u0144skie plac\u00f3wki zorganizowa\u0142y w XII Og\u00f3lnopolski Piknik Muzyczny Os\u00f3b Niepe\u0142nosprawnych. Do udzia\u0142u w spotkaniu zg\u0142osi\u0142o si\u0119 16 zespo\u0142\u00f3w i solist\u00f3w. Podczas wyst\u0119p\u00f3w prezentowali si\u0119 wokali\u015bci, tancerze, zespo\u0142y muzyczne oraz arty\u015bci kochaj\u0105cy muzyk\u0119 nade wszystko.<\/span><\/p>\n<p><!--more--><\/p>\n<p style=\"margin-bottom: 0.0001pt; line-height: normal;\">&nbsp;<\/p>\n<p style=\"margin-bottom: 0.0001pt; line-height: normal;\"><span>Uroczystego otwarcia Pikniku (w strugach ulewnego deszczu) dokona\u0142&nbsp; Ks. Tadeusz Zaleski &#8211; Prezes Fundacji im. Brata Alberta. Podczas przegl\u0105du jednak pogoda stopniowo poprawia\u0142a si\u0119\u2026 Jak zwykle na rozgrzewk\u0119 wyst\u0105pi\u0142 Rafa\u0142 Korczy\u0144ski z naszego warsztatowego zespo\u0142u \u201eThe Best\u201d z przebojem zespo\u0142u Lombard \u201ePrze\u017cyj to sam\u201d. Zaraz po jego prezentacji rozpocz\u0119\u0142y si\u0119 wyst\u0119py zespo\u0142\u00f3w i solist\u00f3w. Podobnie jak w poprzednich latach spotkanie zgromadzi\u0142o oko\u0142o 300 os\u00f3b niepe\u0142nosprawnych i ich opiekun\u00f3w. <\/span><\/p>\n<p style=\"margin-bottom: 0.0001pt; line-height: normal;\"><span>Przed publiczno\u015bci\u0105 wyst\u0105pili: \u201eThe Best\u201d \u2013 WTZ w Trzebini; \u201eSzerszenie z SOSW Gimnazjum w Chrzanowie; \u201e\u015awierszcze\u201d &#8211; SOSW Szko\u0142a Podstawowa w Chrzanowie; \u201eAlberty\u201d \u2013 WTZ Fundacji im. Brata Alberta w Sosnowcu; \u201ePrzebudzeni\u201d &#8211; WTZ Stowarzyszenie Otwartych Serc Aktywnych Kobiet w Olkuszu; \u201eArabeska\u201d &#8211; WTZ w Ko\u0144skich; \u201eOtwarte serca\u201d &#8211; Warsztat Terapii Zaj\u0119ciowej w \u0141apanowie; \u201eSarabanda\u201d &#8211; Dom Pomocy Spo\u0142ecznej w P\u0142azie; \u201eIskierki\u201d z SOSW Szko\u0142a Przysposabiaj\u0105ca do Pracy w Chrzanowie; \u201eForest Boys\u201d &#8211; WTZ Fundacji im. Brata Alberta w Przeciszowie; Szymon Warzecha z SOSW ZSZ w Chrzanowie; \u201eWeso\u0142a kapela\u201d &#8211; WTZ Fundacji im. Brata Alberta w Libi\u0105\u017ca; \u201ePere\u0142ki\u201d- WTZ Fundacji im. Brata Alberta w Chrzanowie; \u201eTalarki\u201d- \u015awietlica Terapeutyczna Fundacji im. Brata Alberta w Trzebini; Tomasz Buczko z WTZ przy Stowarzyszeniu Pomocy Socjalnej \u201eGaudium Et Spes\u201d w Krakowie oraz <\/span><\/p>\n<p style=\"margin-bottom: 0.0001pt; line-height: normal;\"><span>Tradycyjnie po raz dwunasty w Jury zasiadali; Ma\u0142gorzata Liszka \u2013 muzykoterapeuta oraz Jacek Palka \u2013 choreograf, przyzna\u0142o trzy wyr\u00f3\u017cnienia;<\/span><\/p>\n<p style=\"margin-bottom: 0.0001pt; text-indent: -18pt; line-height: normal;\"><span style=\"font-family: Symbol;\"><span>&#8211;<span style=\"font: 7pt 'Times New Roman';\">&nbsp;&nbsp;&nbsp;&nbsp;&nbsp;&nbsp;&nbsp; <\/span><\/span><\/span><span>w kategorii zespo\u0142\u00f3w tanecznych &#8211; dla zespo\u0142u \u201ePere\u0142ki\u201d z WTZ Fundacji im. Brata Alberta w Chrzanowie <\/span><\/p>\n<p style=\"margin-bottom: 0.0001pt; text-indent: -18pt; line-height: normal;\"><span style=\"font-family: Symbol;\"><span>&#8211;<span style=\"font: 7pt 'Times New Roman';\">&nbsp;&nbsp;&nbsp;&nbsp;&nbsp;&nbsp;&nbsp; <\/span><\/span><\/span><span>w kategorii solist\u00f3w &#8211; dla Rafa\u0142a Sak z zespo\u0142u \u201eArabeska\u201d z WTZ w Ko\u0144skich <\/span><\/p>\n<p style=\"margin-bottom: 0.0001pt; text-indent: -18pt; line-height: normal;\"><span style=\"font-family: Symbol;\"><span>&#8211;<span style=\"font: 7pt 'Times New Roman';\">&nbsp;&nbsp;&nbsp;&nbsp;&nbsp;&nbsp;&nbsp; <\/span><\/span><\/span><span>w kategorii zespo\u0142\u00f3w muzycznych &#8211; dla zespo\u0142u Alberty\u201d &#8211; WTZ Fundacji im. Brata Alberta w Sosnowcu <\/span><\/p>\n<p style=\"margin-bottom: 0.0001pt; line-height: normal;\"><span>W przerwie na obrady jury wyst\u0105pili wszyscy, kt\u00f3rzy chcieli zaprezentowa\u0107 swoje talenty, a nie brali udzia\u0142u w przegl\u0105dzie. Na scenie zrobi\u0142o si\u0119 wi\u0119c t\u0142oczno; by\u0142y piosenki, wierszyki z okazji Dnia Matki, ta\u0144ce mniej lub bardziej nowoczesne oraz ostre kawa\u0142ki rockowe.<\/span><\/p>\n<p style=\"margin-bottom: 0.0001pt; line-height: normal;\"><span>Po tej artystycznej przerwie nast\u0105pi\u0142o wr\u0119czenie nagr\u00f3d i upomink\u00f3w oraz gad\u017cet\u00f3w promocyjnych Powiatu Chrzanowskiego i Miasta i Gminy Trzebinia. Do nagr\u00f3d do\u0142\u0105czone by\u0142y pami\u0105tkowe dyplomy oraz gliniane cytry okoliczno\u015bciowe wykonane w pracowniach warsztatowych w WTZ w Trzebini.<\/span><\/p>\n<p style=\"margin-bottom: 0.0001pt; line-height: normal;\"><span>W tym roku niezawodnie organizacj\u0119 Pikniku dofinansowa\u0142 Pa\u0144stwowy Fundusz Rehabilitacji Os\u00f3b Niepe\u0142nosprawnych, Starostwo Powiatowe w Chrzanowie, Komenda Hufca ZHP w Trzebini oraz projekt POKL \u201eZ pomoc\u0105 rodzinie\u201d. Po raz dwunasty wsparli nas tak\u017ce nasi przyjaciele; lokalni przedsi\u0119biorcy, rodzice naszych podopiecznych oraz wolontariusze z Zespo\u0142u Szk\u00f3\u0142 Techniczno-Us\u0142ugowych w Trzebini oraz wolontariusze z Gimnazjum nr 2 w Trzebini.<\/span><\/p>\n<p style=\"margin-bottom: 0.0001pt; line-height: normal;\"><span>Nasze dwunaste piknikowe spotkanie potwierdzi\u0142o, \u017ce \u017cadna pogoda niestraszna jest artystom i ani deszcz, ani wiatr ani \u017cadne inne atmosferyczne anomalie nie przeszkadzaj\u0105 dobrej zabawie. Dzi\u0119kujemy wszystkim uczestnikom za kolejne mi\u0142e spotkanie. <\/span><\/p>\n","protected":false},"excerpt":{"rendered":"<p>W ulewny Dzie\u0144 Matki nasze trzebi\u0144skie plac\u00f3wki zorganizowa\u0142y w XII Og\u00f3lnopolski Piknik Muzyczny Os\u00f3b Niepe\u0142nosprawnych. Do udzia\u0142u w spotkaniu zg\u0142osi\u0142o si\u0119 16 zespo\u0142\u00f3w i solist\u00f3w. Podczas wyst\u0119p\u00f3w prezentowali si\u0119 wokali\u015bci, tancerze, zespo\u0142y muzyczne oraz arty\u015bci kochaj\u0105cy muzyk\u0119 nade wszystko.<\/p>\n","protected":false},"author":1,"featured_media":0,"comment_status":"open","ping_status":"open","sticky":false,"template":"","format":"standard","meta":{"footnotes":""},"categories":[7],"tags":[],"class_list":["post-248","post","type-post","status-publish","format-standard","hentry","category-aktualnosci"],"_links":{"self":[{"href":"https:\/\/wtztrzebinia.pl\/index.php?rest_route=\/wp\/v2\/posts\/248","targetHints":{"allow":["GET"]}}],"collection":[{"href":"https:\/\/wtztrzebinia.pl\/index.php?rest_route=\/wp\/v2\/posts"}],"about":[{"href":"https:\/\/wtztrzebinia.pl\/index.php?rest_route=\/wp\/v2\/types\/post"}],"author":[{"embeddable":true,"href":"https:\/\/wtztrzebinia.pl\/index.php?rest_route=\/wp\/v2\/users\/1"}],"replies":[{"embeddable":true,"href":"https:\/\/wtztrzebinia.pl\/index.php?rest_route=%2Fwp%2Fv2%2Fcomments&post=248"}],"version-history":[{"count":0,"href":"https:\/\/wtztrzebinia.pl\/index.php?rest_route=\/wp\/v2\/posts\/248\/revisions"}],"wp:attachment":[{"href":"https:\/\/wtztrzebinia.pl\/index.php?rest_route=%2Fwp%2Fv2%2Fmedia&parent=248"}],"wp:term":[{"taxonomy":"category","embeddable":true,"href":"https:\/\/wtztrzebinia.pl\/index.php?rest_route=%2Fwp%2Fv2%2Fcategories&post=248"},{"taxonomy":"post_tag","embeddable":true,"href":"https:\/\/wtztrzebinia.pl\/index.php?rest_route=%2Fwp%2Fv2%2Ftags&post=248"}],"curies":[{"name":"wp","href":"https:\/\/api.w.org\/{rel}","templated":true}]}}