{"id":247,"date":"2015-05-22T06:49:53","date_gmt":"2015-05-22T06:49:53","guid":{"rendered":"https:\/\/wtztrzebinia.pl\/?p=247"},"modified":"2015-05-22T06:49:53","modified_gmt":"2015-05-22T06:49:53","slug":"xxiii-ogolnopolska-pielgrzymka-fundacji-im-brata-alberta-henrykow-21-05-2015","status":"publish","type":"post","link":"https:\/\/wtztrzebinia.pl\/?p=247","title":{"rendered":"XXIII Og\u00f3lnopolska Pielgrzymka Fundacji im. Brata Alberta &#8211; Henryk\u00f3w \u2013 21.05.2015"},"content":{"rendered":"<p><span style=\"font-size: 11pt; font-family: 'Calibri','sans-serif';\">Wczoraj wzi\u0119li\u015bmy udzia\u0142 w XXIII Og\u00f3lnopolskiej Pielgrzymce Fundacji im. Brata Alberta do Henrykowa na Dolnym \u015al\u0105sku.<\/span><\/p>\n<p><!--more--><\/p>\n<p><span style=\"font-size: 11pt; font-family: 'Calibri','sans-serif';\">Tam spotkali\u015bmy wielu naszych przyjaci\u00f3\u0142 z innych plac\u00f3wek Fundacji w ca\u0142ej Polsce. Spotkanie rozpocz\u0119\u0142o si\u0119 Msz\u0105 \u015awi\u0119t\u0105 prowadzona przez Arcybiskupa J\u00f3zefa Kupnego. W pi\u0119knym <span style=\"color: windowtext;\">ko\u015bci<\/span>ele <span style=\"color: windowtext; text-decoration: none;\">Wniebowzi\u0119cia Naj\u015bwi\u0119tszej Marii Panny<\/span> i <span style=\"color: windowtext; text-decoration: none;\">\u015bw. Jana Chrzciciela<\/span> wsp\u00f3lnie modlili\u015bmy si\u0119 i \u015bpiewali\u015bmy. A po mszy by\u0142o \u015bwi\u0119towanie, rozmowy i zabawa w takt orkiestry d\u0119tej i zespo\u0142\u00f3w muzycznych, kt\u00f3re u\u015bwietni\u0142y nasze spotkanie. Po plenerowym pikniku przyszed\u0142 czas na zwiedzanie<span> barokowego zespo\u0142u klasztornego opactwa cysterskiego. Po tych pi\u0119knych miejscach oprowadza\u0142 na jeden z Kleryk\u00f3w tamtejszego seminarium. Podczas zwiedzania obejrzeli\u015bmy; <\/span>barokowy refektarz z wielobarwnym piecem kaflowym, Kaplic\u0119 seminaryjn\u0105 zdobion\u0105 renesansowymi boazeriami, a na pi\u0119trze sale: Ksi\u0105\u017c\u0119c\u0105, Purpurow\u0105, D\u0119bow\u0105 i Papieska. Nast\u0119pnie wyszli\u015bmy na dziedziniec klasztorny i do wirydarza. Spotkanie zako\u0144czy\u0142o si\u0119 wsp\u00f3ln\u0105 uroczyst\u0105 Maj\u00f3wk\u0105, po kt\u00f3rej nast\u0105pi\u0142o d\u0142ugie i serdeczne po\u017cegnanie ze znajomymi i przyjaci\u00f3\u0142mi i czas by\u0142o wraca\u0107 do dom\u00f3w. Mimo, \u017ce pogoda nas nie rozpieszcza\u0142a tego dnia, wra\u017cenia wystarczaj\u0105co nas rozgrza\u0142y. Wr\u00f3cili\u015bmy do dom\u00f3w zm\u0119czeni i zadowoleni. Za rok spotykamy si\u0119 w Rychwa\u0142dzie!<\/span><\/p>\n","protected":false},"excerpt":{"rendered":"<p>Wczoraj wzi\u0119li\u015bmy udzia\u0142 w XXIII Og\u00f3lnopolskiej Pielgrzymce Fundacji im. Brata Alberta do Henrykowa na Dolnym \u015al\u0105sku.<\/p>\n","protected":false},"author":1,"featured_media":0,"comment_status":"open","ping_status":"open","sticky":false,"template":"","format":"standard","meta":{"footnotes":""},"categories":[7],"tags":[],"class_list":["post-247","post","type-post","status-publish","format-standard","hentry","category-aktualnosci"],"_links":{"self":[{"href":"https:\/\/wtztrzebinia.pl\/index.php?rest_route=\/wp\/v2\/posts\/247","targetHints":{"allow":["GET"]}}],"collection":[{"href":"https:\/\/wtztrzebinia.pl\/index.php?rest_route=\/wp\/v2\/posts"}],"about":[{"href":"https:\/\/wtztrzebinia.pl\/index.php?rest_route=\/wp\/v2\/types\/post"}],"author":[{"embeddable":true,"href":"https:\/\/wtztrzebinia.pl\/index.php?rest_route=\/wp\/v2\/users\/1"}],"replies":[{"embeddable":true,"href":"https:\/\/wtztrzebinia.pl\/index.php?rest_route=%2Fwp%2Fv2%2Fcomments&post=247"}],"version-history":[{"count":0,"href":"https:\/\/wtztrzebinia.pl\/index.php?rest_route=\/wp\/v2\/posts\/247\/revisions"}],"wp:attachment":[{"href":"https:\/\/wtztrzebinia.pl\/index.php?rest_route=%2Fwp%2Fv2%2Fmedia&parent=247"}],"wp:term":[{"taxonomy":"category","embeddable":true,"href":"https:\/\/wtztrzebinia.pl\/index.php?rest_route=%2Fwp%2Fv2%2Fcategories&post=247"},{"taxonomy":"post_tag","embeddable":true,"href":"https:\/\/wtztrzebinia.pl\/index.php?rest_route=%2Fwp%2Fv2%2Ftags&post=247"}],"curies":[{"name":"wp","href":"https:\/\/api.w.org\/{rel}","templated":true}]}}