{"id":245,"date":"2015-05-18T05:31:44","date_gmt":"2015-05-18T05:31:44","guid":{"rendered":"https:\/\/wtztrzebinia.pl\/?p=245"},"modified":"2015-05-18T05:31:44","modified_gmt":"2015-05-18T05:31:44","slug":"harfa-myslachowice-16-05-2015","status":"publish","type":"post","link":"https:\/\/wtztrzebinia.pl\/?p=245","title":{"rendered":"HARFA \u2013 My\u015blachowice \u2013 16.05.2015"},"content":{"rendered":"<p>Nasza warsztatowa dru\u017cyna harcerska \u201eZo\u015bka\u201d wzi\u0119\u0142a udzia\u0142 16.05.15r. w Harcerskim Festiwalu Artystycznym Hufca ZHP \u201eHarfa\u201d w My\u015blachowicach.<\/p>\n<p><!--more--><\/p>\n<p>Podczas zmaga\u0144 konkursowych zaprezentowali\u015bmy dwa utwory. W harcerskiej cz\u0119\u015bci \u201eCzerwona r\u00f3\u017ca, bia\u0142y kwiat\u201d oraz w \u017ceglarsko-marynarskiej \u201e10 w skali Beauforta\u201d. Prezentacje te da\u0142y nam II miejsce w kategorii \u201eHarcerze starsi i w\u0119drownicy\u201d. Podczas festiwalu by\u0142y tak\u017ce pl\u0105sy, zabawy i mn\u00f3stwo rado\u015bci. W drugiej cz\u0119\u015bci festiwalu odby\u0142y si\u0119 warsztaty artystyczne. Nasza dru\u017cyna przygotowa\u0142a warsztaty ceramiczne, podczas kt\u00f3rych wsp\u00f3lnie z pozosta\u0142ymi harcerzami przygotowywali\u015bmy pami\u0105tkowe medale z okazji XX-lecia bazy obozowej w Wiciu. Opr\u00f3cz tego by\u0142 majsterka plastyczna, bumbum rurki i zabawy z chusta animacyjn\u0105. Bardzo udana i intensywna sobota! Do zobaczenia na kolejnym festiwalu!<\/p>\n","protected":false},"excerpt":{"rendered":"<p>Nasza warsztatowa dru\u017cyna harcerska \u201eZo\u015bka\u201d wzi\u0119\u0142a udzia\u0142 16.05.15r. w Harcerskim Festiwalu Artystycznym Hufca ZHP \u201eHarfa\u201d w My\u015blachowicach.<\/p>\n","protected":false},"author":1,"featured_media":0,"comment_status":"open","ping_status":"open","sticky":false,"template":"","format":"standard","meta":{"footnotes":""},"categories":[7],"tags":[],"class_list":["post-245","post","type-post","status-publish","format-standard","hentry","category-aktualnosci"],"_links":{"self":[{"href":"https:\/\/wtztrzebinia.pl\/index.php?rest_route=\/wp\/v2\/posts\/245","targetHints":{"allow":["GET"]}}],"collection":[{"href":"https:\/\/wtztrzebinia.pl\/index.php?rest_route=\/wp\/v2\/posts"}],"about":[{"href":"https:\/\/wtztrzebinia.pl\/index.php?rest_route=\/wp\/v2\/types\/post"}],"author":[{"embeddable":true,"href":"https:\/\/wtztrzebinia.pl\/index.php?rest_route=\/wp\/v2\/users\/1"}],"replies":[{"embeddable":true,"href":"https:\/\/wtztrzebinia.pl\/index.php?rest_route=%2Fwp%2Fv2%2Fcomments&post=245"}],"version-history":[{"count":0,"href":"https:\/\/wtztrzebinia.pl\/index.php?rest_route=\/wp\/v2\/posts\/245\/revisions"}],"wp:attachment":[{"href":"https:\/\/wtztrzebinia.pl\/index.php?rest_route=%2Fwp%2Fv2%2Fmedia&parent=245"}],"wp:term":[{"taxonomy":"category","embeddable":true,"href":"https:\/\/wtztrzebinia.pl\/index.php?rest_route=%2Fwp%2Fv2%2Fcategories&post=245"},{"taxonomy":"post_tag","embeddable":true,"href":"https:\/\/wtztrzebinia.pl\/index.php?rest_route=%2Fwp%2Fv2%2Ftags&post=245"}],"curies":[{"name":"wp","href":"https:\/\/api.w.org\/{rel}","templated":true}]}}