{"id":244,"date":"2015-05-14T13:11:45","date_gmt":"2015-05-14T13:11:45","guid":{"rendered":"https:\/\/wtztrzebinia.pl\/?p=244"},"modified":"2015-05-14T13:11:45","modified_gmt":"2015-05-14T13:11:45","slug":"z-wizyta-w-babicach-14-05-2015","status":"publish","type":"post","link":"https:\/\/wtztrzebinia.pl\/?p=244","title":{"rendered":"Z wizyt\u0105 w Babicach \u2013 14.05.2015"},"content":{"rendered":"<p>Kolejny przystanek obchod\u00f3w Ma\u0142opolskich Dni Os\u00f3b Niepe\u0142nosprawnych w ramach projektu \u201eRazem \u2013 Godnie i Szcz\u0119\u015bliwie. Powiat Olkuski &#8211; Powiat Chrzanowski 2015\u201d mia\u0142 dzi\u015b swoje miejsce w Babicach.<\/p>\n<p><!--more--><\/p>\n<p>Na zaproszenie organizator\u00f3w wzi\u0119li\u015bmy dzi\u015b tj. 14.05.15 udzia\u0142 w \u201eDniach otwartych \u015arodowiskowych Dom\u00f3w Samopomocy. Zaj\u0119ciach integracyjno-artystycznych\u201d. Czyli kr\u00f3tko m\u00f3wi\u0105c \u015bwietnie si\u0119 bawili\u015bmy u naszych przyjaci\u00f3\u0142. Malowali\u015bmy mandale, filcowali\u015bmy, zdobili\u015bmy porcelan\u0119 a na koniec wsp\u00f3lnie muzykowali\u015bmy na b\u0119bnowisku. Mimo, \u017ce pogoda nie by\u0142a zbyt przyjazna, gor\u0105ca atmosfera i ciep\u0142y posi\u0142ek dope\u0142ni\u0142y \u015bwietnej zabawy! Zdj\u0119cia do obejrzenia w naszej galerii. Ju\u017c wkr\u00f3tce kolejne spotkanie!<\/p>\n","protected":false},"excerpt":{"rendered":"<p>Kolejny przystanek obchod\u00f3w Ma\u0142opolskich Dni Os\u00f3b Niepe\u0142nosprawnych w ramach projektu \u201eRazem \u2013 Godnie i Szcz\u0119\u015bliwie. Powiat Olkuski &#8211; Powiat Chrzanowski 2015\u201d mia\u0142 dzi\u015b swoje miejsce w Babicach.<\/p>\n","protected":false},"author":1,"featured_media":0,"comment_status":"open","ping_status":"open","sticky":false,"template":"","format":"standard","meta":{"footnotes":""},"categories":[7],"tags":[],"class_list":["post-244","post","type-post","status-publish","format-standard","hentry","category-aktualnosci"],"_links":{"self":[{"href":"https:\/\/wtztrzebinia.pl\/index.php?rest_route=\/wp\/v2\/posts\/244","targetHints":{"allow":["GET"]}}],"collection":[{"href":"https:\/\/wtztrzebinia.pl\/index.php?rest_route=\/wp\/v2\/posts"}],"about":[{"href":"https:\/\/wtztrzebinia.pl\/index.php?rest_route=\/wp\/v2\/types\/post"}],"author":[{"embeddable":true,"href":"https:\/\/wtztrzebinia.pl\/index.php?rest_route=\/wp\/v2\/users\/1"}],"replies":[{"embeddable":true,"href":"https:\/\/wtztrzebinia.pl\/index.php?rest_route=%2Fwp%2Fv2%2Fcomments&post=244"}],"version-history":[{"count":0,"href":"https:\/\/wtztrzebinia.pl\/index.php?rest_route=\/wp\/v2\/posts\/244\/revisions"}],"wp:attachment":[{"href":"https:\/\/wtztrzebinia.pl\/index.php?rest_route=%2Fwp%2Fv2%2Fmedia&parent=244"}],"wp:term":[{"taxonomy":"category","embeddable":true,"href":"https:\/\/wtztrzebinia.pl\/index.php?rest_route=%2Fwp%2Fv2%2Fcategories&post=244"},{"taxonomy":"post_tag","embeddable":true,"href":"https:\/\/wtztrzebinia.pl\/index.php?rest_route=%2Fwp%2Fv2%2Ftags&post=244"}],"curies":[{"name":"wp","href":"https:\/\/api.w.org\/{rel}","templated":true}]}}