{"id":243,"date":"2015-05-14T12:26:14","date_gmt":"2015-05-14T12:26:14","guid":{"rendered":"https:\/\/wtztrzebinia.pl\/?p=243"},"modified":"2015-05-14T12:26:14","modified_gmt":"2015-05-14T12:26:14","slug":"arlekiny-po-raz-siodmy-oswiecim-14-05-2015","status":"publish","type":"post","link":"https:\/\/wtztrzebinia.pl\/?p=243","title":{"rendered":"Arlekiny po raz si\u00f3dmy \u2013 O\u015bwi\u0119cim \u2013 14.05.2015"},"content":{"rendered":"<p style=\"text-align: justify;\"><span style=\"font-size: 11pt; font-family: 'Calibri','sans-serif';\">W czwartek 14 maja br. wzi\u0119li\u015bmy udzia\u0142 ju\u017c po raz si\u00f3dmy w Przegl\u0105dzie Artystycznym Os\u00f3b Niepe\u0142nosprawnych \u201eArlekiny 2015\u201d.&nbsp;<\/span><\/p>\n<p><!--more--><\/p>\n<p style=\"text-align: justify;\"><span style=\"font-size: 11pt; font-family: 'Calibri','sans-serif';\">Przegl\u0105d odbywa\u0142 si\u0119 na scenie O\u015bwi\u0119cimskiego Centrum Kultury, a jego g\u0142\u00f3wnym organizatorem by\u0142y Warsztaty Terapii Zaj\u0119ciowej Fundacji im. Brata Alberta w Che\u0142mku.<\/span><\/p>\n<p style=\"text-align: justify;\"><span style=\"font-size: 11pt; font-family: 'Calibri','sans-serif';\">Tym razem nasze warsztaty reprezentowa\u0142 Rafa\u0142 Korczy\u0144ski z piosenk\u0105 zespo\u0142u Lombard \u201ePrze\u017cyj to sam\u201d, a \u015awietlicowe \u201eTalarki\u201d w osobach; Tomasz Chodacki, Jakub Chwa\u0142a i Fabian Stelmach, za\u015bpiewa\u0142y wi\u0105zank\u0119 polskich hit\u00f3w wszechczas\u00f3w pt. \u201eCo mi w duszy gra\u201d. Za nasz artystyczny wysi\u0142ek zostali\u015bmy nagrodzeni statuetkami Arlekina oraz drobnymi upominkami. Pocz\u0119stunek tez by\u0142 super! Dzi\u0119kujemy za zaproszenie do O\u015bwi\u0119cimia!<\/span><\/p>\n","protected":false},"excerpt":{"rendered":"<p>W czwartek 14 maja br. wzi\u0119li\u015bmy udzia\u0142 ju\u017c po raz si\u00f3dmy w Przegl\u0105dzie Artystycznym Os\u00f3b Niepe\u0142nosprawnych \u201eArlekiny 2015\u201d.&nbsp;<\/p>\n","protected":false},"author":1,"featured_media":0,"comment_status":"open","ping_status":"open","sticky":false,"template":"","format":"standard","meta":{"footnotes":""},"categories":[7],"tags":[],"class_list":["post-243","post","type-post","status-publish","format-standard","hentry","category-aktualnosci"],"_links":{"self":[{"href":"https:\/\/wtztrzebinia.pl\/index.php?rest_route=\/wp\/v2\/posts\/243","targetHints":{"allow":["GET"]}}],"collection":[{"href":"https:\/\/wtztrzebinia.pl\/index.php?rest_route=\/wp\/v2\/posts"}],"about":[{"href":"https:\/\/wtztrzebinia.pl\/index.php?rest_route=\/wp\/v2\/types\/post"}],"author":[{"embeddable":true,"href":"https:\/\/wtztrzebinia.pl\/index.php?rest_route=\/wp\/v2\/users\/1"}],"replies":[{"embeddable":true,"href":"https:\/\/wtztrzebinia.pl\/index.php?rest_route=%2Fwp%2Fv2%2Fcomments&post=243"}],"version-history":[{"count":0,"href":"https:\/\/wtztrzebinia.pl\/index.php?rest_route=\/wp\/v2\/posts\/243\/revisions"}],"wp:attachment":[{"href":"https:\/\/wtztrzebinia.pl\/index.php?rest_route=%2Fwp%2Fv2%2Fmedia&parent=243"}],"wp:term":[{"taxonomy":"category","embeddable":true,"href":"https:\/\/wtztrzebinia.pl\/index.php?rest_route=%2Fwp%2Fv2%2Fcategories&post=243"},{"taxonomy":"post_tag","embeddable":true,"href":"https:\/\/wtztrzebinia.pl\/index.php?rest_route=%2Fwp%2Fv2%2Ftags&post=243"}],"curies":[{"name":"wp","href":"https:\/\/api.w.org\/{rel}","templated":true}]}}