{"id":239,"date":"2015-05-06T06:39:29","date_gmt":"2015-05-06T06:39:29","guid":{"rendered":"https:\/\/wtztrzebinia.pl\/?p=239"},"modified":"2015-05-06T06:39:29","modified_gmt":"2015-05-06T06:39:29","slug":"malopolskie-dni-osob-niepelnosprawnych-olkusz-05-05-2015r","status":"publish","type":"post","link":"https:\/\/wtztrzebinia.pl\/?p=239","title":{"rendered":"Ma\u0142opolskie Dni Os\u00f3b Niepe\u0142nosprawnych &#8211; Olkusz \u2013 05.05.2015r."},"content":{"rendered":"<p>Wczoraj, czyli 05.05.15 rozpocz\u0105\u0142 si\u0119 cykl wydarze\u0144 wpisanych w obchody Ma\u0142opolskich Dni Os\u00f3b Niepe\u0142nosprawnych \u201eRazem \u2013 Godnie i Szcz\u0119\u015bliwie. Powiat Olkuski &#8211; Powiat Chrzanowski 2015\u201d.<\/p>\n<p><!--more--><\/p>\n<p>Start mia\u0142 miejsce w Olkuszu. Na zaproszenie gospodarzy wsp\u00f3lnie \u015bwi\u0119towali\u015bmy Dzie\u0144 Godno\u015bci Os\u00f3b Niepe\u0142nosprawnych. By\u0142 uroczysty przemarsz i zmagania konkursowe oraz wystawa prac w BWA. Pogoda i humory sprzyja\u0142y dobrej zabawie. Zar\u00f3wno to spotkanie, jak i wszystkie kolejne, kt\u00f3re przed nami dofinansowane s\u0105 ze \u015brodk\u00f3w Wojew\u00f3dztwa Ma\u0142opolskiego. Kolejne imprezy przed nami. B\u0119dziemy je relacjonowa\u0107 na bie\u017c\u0105co.<\/p>\n","protected":false},"excerpt":{"rendered":"<p>Wczoraj, czyli 05.05.15 rozpocz\u0105\u0142 si\u0119 cykl wydarze\u0144 wpisanych w obchody Ma\u0142opolskich Dni Os\u00f3b Niepe\u0142nosprawnych \u201eRazem \u2013 Godnie i Szcz\u0119\u015bliwie. Powiat Olkuski &#8211; Powiat Chrzanowski 2015\u201d.<\/p>\n","protected":false},"author":1,"featured_media":0,"comment_status":"open","ping_status":"open","sticky":false,"template":"","format":"standard","meta":{"footnotes":""},"categories":[7],"tags":[],"class_list":["post-239","post","type-post","status-publish","format-standard","hentry","category-aktualnosci"],"_links":{"self":[{"href":"https:\/\/wtztrzebinia.pl\/index.php?rest_route=\/wp\/v2\/posts\/239","targetHints":{"allow":["GET"]}}],"collection":[{"href":"https:\/\/wtztrzebinia.pl\/index.php?rest_route=\/wp\/v2\/posts"}],"about":[{"href":"https:\/\/wtztrzebinia.pl\/index.php?rest_route=\/wp\/v2\/types\/post"}],"author":[{"embeddable":true,"href":"https:\/\/wtztrzebinia.pl\/index.php?rest_route=\/wp\/v2\/users\/1"}],"replies":[{"embeddable":true,"href":"https:\/\/wtztrzebinia.pl\/index.php?rest_route=%2Fwp%2Fv2%2Fcomments&post=239"}],"version-history":[{"count":0,"href":"https:\/\/wtztrzebinia.pl\/index.php?rest_route=\/wp\/v2\/posts\/239\/revisions"}],"wp:attachment":[{"href":"https:\/\/wtztrzebinia.pl\/index.php?rest_route=%2Fwp%2Fv2%2Fmedia&parent=239"}],"wp:term":[{"taxonomy":"category","embeddable":true,"href":"https:\/\/wtztrzebinia.pl\/index.php?rest_route=%2Fwp%2Fv2%2Fcategories&post=239"},{"taxonomy":"post_tag","embeddable":true,"href":"https:\/\/wtztrzebinia.pl\/index.php?rest_route=%2Fwp%2Fv2%2Ftags&post=239"}],"curies":[{"name":"wp","href":"https:\/\/api.w.org\/{rel}","templated":true}]}}